{"id":99420,"date":"2026-03-10T12:19:13","date_gmt":"2026-03-10T15:19:13","guid":{"rendered":"https:\/\/www.radioamigavallenar.cl\/?p=99420"},"modified":"2026-03-10T12:19:13","modified_gmt":"2026-03-10T15:19:13","slug":"el-ajuste-de-las-licencias-medicas-se-preve-una-fuerte-caida-en-2026-y-un-ahorro-fiscal-de-hasta-us610-millones","status":"publish","type":"post","link":"https:\/\/www.radioamigavallenar.cl\/?p=99420","title":{"rendered":"El ajuste de las licencias m\u00e9dicas: Se prev\u00e9 una fuerte ca\u00edda en 2026 y un ahorro fiscal de hasta US$610 millones"},"content":{"rendered":"<p>Una significativa reducci\u00f3n en la emisi\u00f3n de licencias m\u00e9dicas podr\u00eda registrar el sistema de seguridad social chileno durante 2026, lo que se traducir\u00eda en un importante alivio para el gasto p\u00fablico asociado al Subsidio por Incapacidad Laboral (SIL).<\/p>\n<p>As\u00ed lo plantea la Superintendencia de Seguridad Social (Suseso) en su primera estimaci\u00f3n formal sobre el comportamiento futuro del sistema, donde proyecta que durante este a\u00f1o se emitir\u00e1n entre\u00a0<strong>5,8 millones y 6,5 millones de licencias m\u00e9dicas<\/strong>, cifra inferior a las\u00a0<strong>7 millones registradas en 2025<\/strong>.<\/p>\n<p>De concretarse este escenario, la reducci\u00f3n anual fluctuar\u00eda entre\u00a0<strong>577 mil y 1,21 millones de licencias<\/strong>, dependiendo del escenario considerado en el informe.<\/p>\n<p>El organismo sostiene que este ajuste permitir\u00eda generar un\u00a0<strong>ahorro fiscal de entre $258.503 millones (US$287 millones) y $548.252 millones (US$609 millones)<\/strong>\u00a0en subsidios por incapacidad laboral, equivalente a una ca\u00edda de entre\u00a0<strong>8% y 18% del gasto estimado para 2025<\/strong>.<\/p>\n<p>Seg\u00fan la Suseso, este cambio responder\u00eda principalmente al\u00a0<strong>fortalecimiento de los mecanismos de control y fiscalizaci\u00f3n del sistema<\/strong>, los que comenzaron a aplicarse con mayor intensidad desde el segundo semestre de 2025. \u00abUn mayor control del sistema, junto con sanciones m\u00e1s estrictas, eleva el costo de emitir o utilizar licencias m\u00e9dicas sin fundamento, reforzando los incentivos al cumplimiento de la normativa\u00bb, sostiene el documento.<\/p>\n<h2 style=\"text-align: center;\"><strong>El sistema comienza a normalizarse<\/strong><\/h2>\n<p>El informe plantea que el sistema de licencias m\u00e9dicas vivi\u00f3 niveles extraordinariamente altos en los a\u00f1os posteriores a la pandemia.<\/p>\n<p>Entre\u00a0<strong>2021 y 2022<\/strong>\u00a0se alcanzaron m\u00e1ximos hist\u00f3ricos, con tasas de hasta\u00a0<strong>1,34 licencias por cotizante<\/strong>, mientras que en 2025 el indicador cay\u00f3 a\u00a0<strong>1,04 licencias por trabajador<\/strong>, volviendo a niveles similares a los registrados antes de la crisis sanitaria.<\/p>\n<p>La reducci\u00f3n del a\u00f1o pasado fue significativa: el n\u00famero de licencias cay\u00f3 desde\u00a0<strong>8,1 millones en 2024 a 7 millones en 2025<\/strong>, lo que implic\u00f3 una disminuci\u00f3n de\u00a0<strong>12,9%<\/strong>.<\/p>\n<p>Actualmente, el sistema cubre cerca de\u00a0<strong>6,8 millones de trabajadores con derecho a licencia m\u00e9dica<\/strong>, de los cuales\u00a0<strong>80,3% pertenece a Fonasa y 19,7% a isapres<\/strong>. Sin embargo, el uso del beneficio se concentra en una parte de ellos: cerca de\u00a0<strong>35% de los cotizantes utiliz\u00f3 al menos una licencia en 2025<\/strong>, equivalente a unos\u00a0<strong>2,3 millones de personas<\/strong>.<\/p>\n<h2 style=\"text-align: center;\"><strong>La ca\u00edda ya se nota<\/strong><\/h2>\n<p>Los primeros datos del a\u00f1o refuerzan la tendencia a la baja.<\/p>\n<p>Entre\u00a0<strong>enero y febrero de 2026<\/strong>\u00a0se emitieron\u00a0<strong>860.251 licencias m\u00e9dicas electr\u00f3nicas<\/strong>, lo que representa una disminuci\u00f3n de\u00a0<strong>23,6% respecto al mismo per\u00edodo de 2025<\/strong>.<\/p>\n<p>El informe se\u00f1ala que este comportamiento sugiere que el sistema podr\u00eda estar\u00a0<strong>transitando hacia un nuevo nivel estructural de emisi\u00f3n de licencias m\u00e9dicas<\/strong>. \u00abLos niveles observados en enero y febrero de 2026 son inferiores a los registrados en igual per\u00edodo del a\u00f1o anterior y tambi\u00e9n a los observados tras el ajuste de 2025, lo que sugiere que la reducci\u00f3n podr\u00eda estar consolid\u00e1ndose\u00bb, se\u00f1ala la Suseso.<\/p>\n<p>El informe tambi\u00e9n estima que el\u00a0<strong>gasto total en subsidios por incapacidad laboral para 2025 alcanza $3.095.185 millones (US$3.439 millones)<\/strong>.<\/p>\n<p>Para 2026, dependiendo del escenario, el gasto proyectado se ubicar\u00eda entre\u00a0<strong>$2.546.933 millones (US$2.830 millones) y $2.836.682 millones (US$3.152 millones).<\/strong><\/p>\n","protected":false},"excerpt":{"rendered":"<p>Una significativa reducci\u00f3n en la emisi\u00f3n de licencias m\u00e9dicas podr\u00eda registrar el sistema de seguridad social chileno durante 2026, lo que se traducir\u00eda en un&hellip; <\/p>\n","protected":false},"author":7,"featured_media":99421,"comment_status":"closed","ping_status":"closed","sticky":false,"template":"","format":"standard","meta":{"footnotes":""},"categories":[37],"tags":[],"class_list":["post-99420","post","type-post","status-publish","format-standard","has-post-thumbnail","hentry","category-nacional"],"_links":{"self":[{"href":"https:\/\/www.radioamigavallenar.cl\/index.php?rest_route=\/wp\/v2\/posts\/99420","targetHints":{"allow":["GET"]}}],"collection":[{"href":"https:\/\/www.radioamigavallenar.cl\/index.php?rest_route=\/wp\/v2\/posts"}],"about":[{"href":"https:\/\/www.radioamigavallenar.cl\/index.php?rest_route=\/wp\/v2\/types\/post"}],"author":[{"embeddable":true,"href":"https:\/\/www.radioamigavallenar.cl\/index.php?rest_route=\/wp\/v2\/users\/7"}],"replies":[{"embeddable":true,"href":"https:\/\/www.radioamigavallenar.cl\/index.php?rest_route=%2Fwp%2Fv2%2Fcomments&post=99420"}],"version-history":[{"count":1,"href":"https:\/\/www.radioamigavallenar.cl\/index.php?rest_route=\/wp\/v2\/posts\/99420\/revisions"}],"predecessor-version":[{"id":99422,"href":"https:\/\/www.radioamigavallenar.cl\/index.php?rest_route=\/wp\/v2\/posts\/99420\/revisions\/99422"}],"wp:featuredmedia":[{"embeddable":true,"href":"https:\/\/www.radioamigavallenar.cl\/index.php?rest_route=\/wp\/v2\/media\/99421"}],"wp:attachment":[{"href":"https:\/\/www.radioamigavallenar.cl\/index.php?rest_route=%2Fwp%2Fv2%2Fmedia&parent=99420"}],"wp:term":[{"taxonomy":"category","embeddable":true,"href":"https:\/\/www.radioamigavallenar.cl\/index.php?rest_route=%2Fwp%2Fv2%2Fcategories&post=99420"},{"taxonomy":"post_tag","embeddable":true,"href":"https:\/\/www.radioamigavallenar.cl\/index.php?rest_route=%2Fwp%2Fv2%2Ftags&post=99420"}],"curies":[{"name":"wp","href":"https:\/\/api.w.org\/{rel}","templated":true}]}}