{"id":99417,"date":"2026-03-10T10:11:54","date_gmt":"2026-03-10T13:11:54","guid":{"rendered":"https:\/\/www.radioamigavallenar.cl\/?p=99417"},"modified":"2026-03-10T12:14:10","modified_gmt":"2026-03-10T15:14:10","slug":"tribunal-ambiental-rechaza-reclamo-de-comunidad-colla-y-da-luz-verde-a-central-fotovoltaica-en-atacama","status":"publish","type":"post","link":"https:\/\/www.radioamigavallenar.cl\/?p=99417","title":{"rendered":"Tribunal Ambiental rechaza reclamo de comunidad colla y da &#8216;luz verde&#8217; a central fotovoltaica en Atacama"},"content":{"rendered":"<p>En decisi\u00f3n un\u00e1nime, el Primer Tribunal Ambiental desestim\u00f3 la acci\u00f3n interpuesta por la comunidad ind\u00edgena colla \u201cSol Naciente de Pastos Grandes\u201d en contra de la resoluci\u00f3n que declar\u00f3 inadmisible una solicitud de invalidaci\u00f3n relacionada con la Resoluci\u00f3n de Calificaci\u00f3n Ambiental (RCA) del proyecto Central Fotovoltaica Inca de Varas I, ubicado en la comuna de Copiap\u00f3.<\/p>\n<p>Cabe recordar que, en mayo de 2025, la Comisi\u00f3n de Evaluaci\u00f3n Ambiental (COEVA) de la Regi\u00f3n de Atacama hab\u00eda declarado inadmisible la solicitud de invalidaci\u00f3n de la comunidad, a la vez que, a mayor abundamiento, se pronunci\u00f3 sobre las supuestas ilegalidades alegadas por la reclamante, desestim\u00e1ndolas.<\/p>\n<p>En la causa, el Servicio de Evaluaci\u00f3n Ambiental, en representaci\u00f3n de la COEVA, argument\u00f3 que la reclamaci\u00f3n ser\u00eda improcedente ya que fue planteada despu\u00e9s del plazo de 30 d\u00edas que contempla la teor\u00eda de la invalidaci\u00f3n impropia, tesis que fue rechazada por el tribunal debido a que la comunidad es un tercero absoluto, por lo que cuenta con el plazo de dos a\u00f1os que establece el art\u00edculo 53 de la Ley N\u00b019.880 para solicitar la invalidaci\u00f3n de actos administrativos.<\/p>\n<p>Luego, el fallo determina que la COEVA incurri\u00f3 en un vicio al declarar inadmisible la solicitud de invalidaci\u00f3n de los reclamantes, ya que esta fue presentada dentro de los dos a\u00f1os que establece la Ley N\u00b0 19.880 para este tipo de acci\u00f3n, pero que \u00e9ste no tuvo car\u00e1cter esencial ya que la autoridad efectivamente emiti\u00f3 un pronunciamiento de fondo respecto de las cuestiones denunciadas, por lo que no existe un perjuicio que amerite la nulidad de la resoluci\u00f3n reclamada.<\/p>\n<p>En cuanto al fondo, el an\u00e1lisis del tribunal efectuado en sentencia descart\u00f3 que hubiera ilegalidades en la determinaci\u00f3n del \u00e1rea de influencia del proyecto, as\u00ed como impactos significativos sobre los sistemas de vida y costumbres de la Comunidad Ind\u00edgena Colla Sola Naciente de Pastos Grande, lo que hac\u00eda improcedente la apertura de un proceso de consulta ind\u00edgena.<\/p>\n<p>Finalmente, el tribunal verific\u00f3 que en el \u00e1rea de influencia del proyecto no se encuentran grupos humanos pertenecientes a pueblos ind\u00edgenas, motivo por el cual no correspond\u00eda que durante la evaluaci\u00f3n ambiental del proyecto se convocara a las reuniones a que se refiere el art\u00edculo 86 del Reglamento del Sistema de Evaluaci\u00f3n de Impacto Ambiental.<\/p>\n<p>\u201cTras revisar los antecedentes el tribunal concluy\u00f3 que la solicitud se present\u00f3 dentro de plazo, y que en la evaluaci\u00f3n ambiental se descart\u00f3 la existencia de impactos significativos sobre los sistemas de vida y costumbres de la comunidad ind\u00edgena, ni susceptibilidad de afectaci\u00f3n directa que hiciera necesaria una consulta ind\u00edgena u otras medidas adicionales. Es por ello que, en esta sentencia, el tribunal decide mantener vigente la resoluci\u00f3n de calificaci\u00f3n ambiental del proyecto Central Inca de Varas y rechaza la reclamaci\u00f3n de la comunidad, dejando firme la autorizaci\u00f3n ambiental de dicho proyecto\u201d, explic\u00f3 el ministro redactor, Marcelo Hern\u00e1ndez Rojas.<\/p>\n<p>Con esta decisi\u00f3n, el tribunal confirm\u00f3 la legalidad del acto administrativo impugnado y descart\u00f3 que existieran fundamentos para ordenar la nulidad de la resoluci\u00f3n que declar\u00f3 inadmisible la solicitud de invalidaci\u00f3n de la comunidad reclamante.<\/p>\n<p>El proyecto se emplazar\u00e1 en un predio de aproximadamente 122 hect\u00e1reas ubicado en la ruta C-17, camino a la localidad de Inca de Oro, provincia de Copiap\u00f3, Regi\u00f3n de Atacama. Consiste en la construcci\u00f3n y operaci\u00f3n de 144.928 paneles fotovoltaicos, con una potencia instalada de 79 MWp. Este har\u00e1 uso de la tecnolog\u00eda de paneles fotovoltaicos bifaciales para la captaci\u00f3n y transformaci\u00f3n de la energ\u00eda solar en electricidad.<\/p>\n<p>La iniciativa contempla una inversi\u00f3n de 90 millones de d\u00f3lares y una vida \u00fatil de 50 a\u00f1os.<\/p>\n","protected":false},"excerpt":{"rendered":"<p>En decisi\u00f3n un\u00e1nime, el Primer Tribunal Ambiental desestim\u00f3 la acci\u00f3n interpuesta por la comunidad ind\u00edgena colla \u201cSol Naciente de Pastos Grandes\u201d en contra de la&hellip; <\/p>\n","protected":false},"author":7,"featured_media":99418,"comment_status":"closed","ping_status":"closed","sticky":false,"template":"","format":"standard","meta":{"footnotes":""},"categories":[7],"tags":[],"class_list":["post-99417","post","type-post","status-publish","format-standard","has-post-thumbnail","hentry","category-atacama"],"_links":{"self":[{"href":"https:\/\/www.radioamigavallenar.cl\/index.php?rest_route=\/wp\/v2\/posts\/99417","targetHints":{"allow":["GET"]}}],"collection":[{"href":"https:\/\/www.radioamigavallenar.cl\/index.php?rest_route=\/wp\/v2\/posts"}],"about":[{"href":"https:\/\/www.radioamigavallenar.cl\/index.php?rest_route=\/wp\/v2\/types\/post"}],"author":[{"embeddable":true,"href":"https:\/\/www.radioamigavallenar.cl\/index.php?rest_route=\/wp\/v2\/users\/7"}],"replies":[{"embeddable":true,"href":"https:\/\/www.radioamigavallenar.cl\/index.php?rest_route=%2Fwp%2Fv2%2Fcomments&post=99417"}],"version-history":[{"count":1,"href":"https:\/\/www.radioamigavallenar.cl\/index.php?rest_route=\/wp\/v2\/posts\/99417\/revisions"}],"predecessor-version":[{"id":99419,"href":"https:\/\/www.radioamigavallenar.cl\/index.php?rest_route=\/wp\/v2\/posts\/99417\/revisions\/99419"}],"wp:featuredmedia":[{"embeddable":true,"href":"https:\/\/www.radioamigavallenar.cl\/index.php?rest_route=\/wp\/v2\/media\/99418"}],"wp:attachment":[{"href":"https:\/\/www.radioamigavallenar.cl\/index.php?rest_route=%2Fwp%2Fv2%2Fmedia&parent=99417"}],"wp:term":[{"taxonomy":"category","embeddable":true,"href":"https:\/\/www.radioamigavallenar.cl\/index.php?rest_route=%2Fwp%2Fv2%2Fcategories&post=99417"},{"taxonomy":"post_tag","embeddable":true,"href":"https:\/\/www.radioamigavallenar.cl\/index.php?rest_route=%2Fwp%2Fv2%2Ftags&post=99417"}],"curies":[{"name":"wp","href":"https:\/\/api.w.org\/{rel}","templated":true}]}}