{"id":99414,"date":"2026-03-10T12:11:21","date_gmt":"2026-03-10T15:11:21","guid":{"rendered":"https:\/\/www.radioamigavallenar.cl\/?p=99414"},"modified":"2026-03-10T12:11:21","modified_gmt":"2026-03-10T15:11:21","slug":"boric-pide-que-futuro-congreso-rechace-el-proyecto-de-conmutacion-de-penas-consagra-la-impunidad","status":"publish","type":"post","link":"https:\/\/www.radioamigavallenar.cl\/?p=99414","title":{"rendered":"Boric pide que futuro Congreso rechace el proyecto de conmutaci\u00f3n de penas: \u00abConsagra la impunidad\u00bb"},"content":{"rendered":"<p>A un d\u00eda del t\u00e9rmino de su administraci\u00f3n, el presidente Gabriel Boric arremeti\u00f3 nuevamente contra el proyecto de ley que propone un cumplimiento alternativo de penas para reos geri\u00e1tricos, pidiendo que \u201c<strong>el futuro Congreso rechace este proyecto que consagra la impunidad<\/strong>\u201c.<\/p>\n<p>En la inauguraci\u00f3n de la 29\u00b0 Comisar\u00eda de La Farfana, en Maip\u00fa, el mandatario destac\u00f3 la probidad de Carabineros como instituci\u00f3n, se\u00f1alando que \u201ces algo que tiene que ser contagioso y permear a todo el resto. Lo mismo a los partidos pol\u00edticos\u201d.<\/p>\n<p>En ese sentido, agreg\u00f3 que \u201c<strong>la delincuencia hay que perseguirla con mucha convicci\u00f3n y con mucha \u00e9tica<\/strong>\u201c, destacando la iniciativa del levantamiento del secreto bancario que se tramita en el Congreso, pero criticando el avance del proyecto de conmutaci\u00f3n de penas.<\/p>\n<p>\u201c<span class=\"destacador destacado\">Me preocupa profundamente en materia de seguridad que en el Congreso se impulsen iniciativas que pretenden una conmutaci\u00f3n de penas para delincuentes que han cometido los actos m\u00e1s gravosos contra el pa\u00eds<\/span>\u201c, afirm\u00f3.<\/p>\n<p>\u201cY nuestro llamado como Gobierno en ejercicio, como sector pol\u00edtico, pero como jefe de Estado es a que el futuro Congreso rechace este proyecto que consagra la impunidad\u201d, subray\u00f3.<\/p>\n<p>De esa manera, Boric realz\u00f3 que la seguridad \u201c<strong>es un asunto integral<\/strong>\u201d y mantuvo su ofensiva contra el proyecto que podr\u00eda permitir que criminales de lesa humanidad cambien la c\u00e1rcel por arresto domiciliario.<\/p>\n","protected":false},"excerpt":{"rendered":"<p>A un d\u00eda del t\u00e9rmino de su administraci\u00f3n, el presidente Gabriel Boric arremeti\u00f3 nuevamente contra el proyecto de ley que propone un cumplimiento alternativo de&hellip; <\/p>\n","protected":false},"author":7,"featured_media":99415,"comment_status":"closed","ping_status":"closed","sticky":false,"template":"","format":"standard","meta":{"footnotes":""},"categories":[37],"tags":[],"class_list":["post-99414","post","type-post","status-publish","format-standard","has-post-thumbnail","hentry","category-nacional"],"_links":{"self":[{"href":"https:\/\/www.radioamigavallenar.cl\/index.php?rest_route=\/wp\/v2\/posts\/99414","targetHints":{"allow":["GET"]}}],"collection":[{"href":"https:\/\/www.radioamigavallenar.cl\/index.php?rest_route=\/wp\/v2\/posts"}],"about":[{"href":"https:\/\/www.radioamigavallenar.cl\/index.php?rest_route=\/wp\/v2\/types\/post"}],"author":[{"embeddable":true,"href":"https:\/\/www.radioamigavallenar.cl\/index.php?rest_route=\/wp\/v2\/users\/7"}],"replies":[{"embeddable":true,"href":"https:\/\/www.radioamigavallenar.cl\/index.php?rest_route=%2Fwp%2Fv2%2Fcomments&post=99414"}],"version-history":[{"count":1,"href":"https:\/\/www.radioamigavallenar.cl\/index.php?rest_route=\/wp\/v2\/posts\/99414\/revisions"}],"predecessor-version":[{"id":99416,"href":"https:\/\/www.radioamigavallenar.cl\/index.php?rest_route=\/wp\/v2\/posts\/99414\/revisions\/99416"}],"wp:featuredmedia":[{"embeddable":true,"href":"https:\/\/www.radioamigavallenar.cl\/index.php?rest_route=\/wp\/v2\/media\/99415"}],"wp:attachment":[{"href":"https:\/\/www.radioamigavallenar.cl\/index.php?rest_route=%2Fwp%2Fv2%2Fmedia&parent=99414"}],"wp:term":[{"taxonomy":"category","embeddable":true,"href":"https:\/\/www.radioamigavallenar.cl\/index.php?rest_route=%2Fwp%2Fv2%2Fcategories&post=99414"},{"taxonomy":"post_tag","embeddable":true,"href":"https:\/\/www.radioamigavallenar.cl\/index.php?rest_route=%2Fwp%2Fv2%2Ftags&post=99414"}],"curies":[{"name":"wp","href":"https:\/\/api.w.org\/{rel}","templated":true}]}}