{"id":99408,"date":"2026-03-10T11:12:33","date_gmt":"2026-03-10T14:12:33","guid":{"rendered":"https:\/\/www.radioamigavallenar.cl\/?p=99408"},"modified":"2026-03-10T11:12:33","modified_gmt":"2026-03-10T14:12:33","slug":"sma-refuerza-fiscalizacion-a-termoelectricas-en-proceso-de-cierre-o-reconversion","status":"publish","type":"post","link":"https:\/\/www.radioamigavallenar.cl\/?p=99408","title":{"rendered":"SMA refuerza fiscalizaci\u00f3n a termoel\u00e9ctricas en proceso de cierre o reconversi\u00f3n"},"content":{"rendered":"<p><b>Como parte de sus acciones, la Superintendencia del Medio Ambiente se encuentra ejecutando actividades de fiscalizaci\u00f3n a las instalaciones y realizando requerimientos de informaci\u00f3n a proyectos con y sin una RCA.<\/b><\/p>\n<p>En el marco del Plan de Descarbonizaci\u00f3n liderado por el Ministerio de Energ\u00eda, y en el contexto de la Estrategia Nacional de Transici\u00f3n Socioecol\u00f3gica Justa 2025-2035, la Superintendencia del Medio Ambiente (SMA), se encuentra reforzando sus acciones de fiscalizaci\u00f3n y seguimiento ambiental a las centrales termoel\u00e9ctricas a carb\u00f3n que han cesado su operaci\u00f3n o que se encuentran en proceso de reconversi\u00f3n.<\/p>\n<p>&nbsp;<\/p>\n<p>El proceso de descarbonizaci\u00f3n contempla el retiro progresivo de unidades termoel\u00e9ctricas a carb\u00f3n a lo largo del territorio nacional, una iniciativa que forma parte de los compromisos del Estado de Chile para avanzar hacia una matriz energ\u00e9tica m\u00e1s limpia y cumplir con las metas clim\u00e1ticas de largo plazo. En este contexto, la SMA cumple un rol clave en la supervisi\u00f3n del cumplimiento de las obligaciones ambientales asociadas a estas instalaciones, especialmente, durante las etapas de cierre o reconversi\u00f3n de sus operaciones.<\/p>\n<p>Actualmente, de las 28 unidades termoel\u00e9ctricas a carb\u00f3n, 14 unidades han dejado de operar en distintas regiones del pa\u00eds. Este proceso implica nuevas etapas de control ambiental asociadas al cierre de las instalaciones y al cumplimiento de las obligaciones establecidas en los instrumentos ambientales que regulan estos proyectos.<\/p>\n<p>En ese marco la SMA est\u00e1 ejecutando actividades de fiscalizaci\u00f3n ambiental para verificar el cumplimiento de las obligaciones asociadas al cierre o reconversi\u00f3n de estas centrales. Se est\u00e1n realizado requerimientos de informaci\u00f3n a proyectos con y sin una Resoluci\u00f3n de Calificaci\u00f3n Ambiental (RCA), entre otras actividades, a fin de conocer el estado actual de obligaciones.<\/p>\n<p>La Superintendenta del Medio Ambiente, Marie Claude Plumer, se\u00f1al\u00f3 que \u201cel proceso de descarbonizaci\u00f3n es un desaf\u00edo pa\u00eds que requiere asegurar que el cierre o reconversi\u00f3n de las centrales termoel\u00e9ctricas se realice cumpliendo plenamente con las obligaciones ambientales. Como Superintendencia estamos reforzando nuestras labores de fiscalizaci\u00f3n y seguimiento para resguardar el cumplimiento de la normativa ambiental y el adecuado cierre de estas instalaciones\u201d.<\/p>\n<p>La SMA continuar\u00e1 desarrollando acciones de seguimiento y coordinaci\u00f3n con otras instituciones, como los ministerios de Energ\u00eda y Medio Ambiente, para contribuir al proceso de transici\u00f3n energ\u00e9tica y al cumplimiento de los compromisos ambientales del pa\u00eds.<\/p>\n","protected":false},"excerpt":{"rendered":"<p>Como parte de sus acciones, la Superintendencia del Medio Ambiente se encuentra ejecutando actividades de fiscalizaci\u00f3n a las instalaciones y realizando requerimientos de informaci\u00f3n a&hellip; <\/p>\n","protected":false},"author":7,"featured_media":99409,"comment_status":"closed","ping_status":"closed","sticky":false,"template":"","format":"standard","meta":{"footnotes":""},"categories":[37],"tags":[],"class_list":["post-99408","post","type-post","status-publish","format-standard","has-post-thumbnail","hentry","category-nacional"],"_links":{"self":[{"href":"https:\/\/www.radioamigavallenar.cl\/index.php?rest_route=\/wp\/v2\/posts\/99408","targetHints":{"allow":["GET"]}}],"collection":[{"href":"https:\/\/www.radioamigavallenar.cl\/index.php?rest_route=\/wp\/v2\/posts"}],"about":[{"href":"https:\/\/www.radioamigavallenar.cl\/index.php?rest_route=\/wp\/v2\/types\/post"}],"author":[{"embeddable":true,"href":"https:\/\/www.radioamigavallenar.cl\/index.php?rest_route=\/wp\/v2\/users\/7"}],"replies":[{"embeddable":true,"href":"https:\/\/www.radioamigavallenar.cl\/index.php?rest_route=%2Fwp%2Fv2%2Fcomments&post=99408"}],"version-history":[{"count":1,"href":"https:\/\/www.radioamigavallenar.cl\/index.php?rest_route=\/wp\/v2\/posts\/99408\/revisions"}],"predecessor-version":[{"id":99410,"href":"https:\/\/www.radioamigavallenar.cl\/index.php?rest_route=\/wp\/v2\/posts\/99408\/revisions\/99410"}],"wp:featuredmedia":[{"embeddable":true,"href":"https:\/\/www.radioamigavallenar.cl\/index.php?rest_route=\/wp\/v2\/media\/99409"}],"wp:attachment":[{"href":"https:\/\/www.radioamigavallenar.cl\/index.php?rest_route=%2Fwp%2Fv2%2Fmedia&parent=99408"}],"wp:term":[{"taxonomy":"category","embeddable":true,"href":"https:\/\/www.radioamigavallenar.cl\/index.php?rest_route=%2Fwp%2Fv2%2Fcategories&post=99408"},{"taxonomy":"post_tag","embeddable":true,"href":"https:\/\/www.radioamigavallenar.cl\/index.php?rest_route=%2Fwp%2Fv2%2Ftags&post=99408"}],"curies":[{"name":"wp","href":"https:\/\/api.w.org\/{rel}","templated":true}]}}