{"id":99405,"date":"2026-03-10T11:10:38","date_gmt":"2026-03-10T14:10:38","guid":{"rendered":"https:\/\/www.radioamigavallenar.cl\/?p=99405"},"modified":"2026-03-10T11:10:38","modified_gmt":"2026-03-10T14:10:38","slug":"cgr-da-luz-verde-a-reglamento-que-permite-al-estado-querellarse-por-femicidio-por-iniciativa-propia","status":"publish","type":"post","link":"https:\/\/www.radioamigavallenar.cl\/?p=99405","title":{"rendered":"CGR da luz verde a reglamento que permite al Estado querellarse por femicidio por iniciativa propia"},"content":{"rendered":"<p>La\u00a0<a href=\"https:\/\/www.contraloria.cl\/web\/cgr\/\" target=\"_blank\" rel=\"noopener\">Contralor\u00eda General de la Rep\u00fablica<\/a>\u00a0tom\u00f3 raz\u00f3n del reglamento que establece los est\u00e1ndares t\u00e9cnicos y requisitos formales para la representaci\u00f3n de las mujeres v\u00edctimas de violencia de g\u00e9nero establecida en la Ley Integral,\u00a0<span class=\"destacador destacado\">lo que permitir\u00e1 al Estado querellarse por femicidio o suicidio femicida sin necesidad de la autorizaci\u00f3n de las v\u00edctimas o sus familias<\/span>.<\/p>\n<p>Si bien el Servicio Nacional de la Mujer y la Equidad de G\u00e9nero (SernamEG) ya ofrec\u00eda representaci\u00f3n jur\u00eddica a v\u00edctimas de violencia de g\u00e9nero, esta solo pod\u00eda realizarse cuando la v\u00edctima o sus familias otorgaban el patrocinio al Servicio.<\/p>\n<p>En ese marco, los Centros Especializados de Violencia de G\u00e9nero de SernamEG, por ejemplo, realizaron m\u00e1s de 5.800 atenciones psicosociales y jur\u00eddicas a cerca de 3.500 usuarias en 2025, llevando adem\u00e1s de 1.293 representaciones judiciales.<\/p>\n<p>Sin embargo, uno de los cambios relevantes que introdujo la Ley y que se regula en este reglamento es que,\u00a0<strong>en casos de femicidio y suicidio femicida, el servicio podr\u00e1 presentar una querella por iniciativa propia, a trav\u00e9s de las abogadas y abogados de sus direcciones regionales<\/strong>.<\/p>\n<h2 style=\"text-align: center;\">Objetivo del reglamento seg\u00fan SernamEG<\/h2>\n<p>Seg\u00fan el servicio, esto\u00a0<strong>permitir\u00eda asegurar una respuesta institucional m\u00e1s r\u00e1pida y que estos delitos cuenten con representaci\u00f3n judicial desde el inicio del proceso<\/strong>.<\/p>\n<p>Adem\u00e1s, el reglamento establece est\u00e1ndares t\u00e9cnicos que deber\u00e1n cumplir las entidades p\u00fablicas y privadas con las que SernamEG celebre convenios para que representen a las v\u00edctimas, con el fin de asegurar una atenci\u00f3n adecuada y especializada.<\/p>\n<p>\u201cLa violencia de g\u00e9nero es una vulneraci\u00f3n grave de derechos, y el Estado tiene que responder a la altura. Eso significa acompa\u00f1ar a las v\u00edctimas y actuar a tiempo para que estos casos no queden sin justicia\u201d, indic\u00f3 al respecto la ministra Antonia Orellana.<\/p>\n<p>\u201c<span class=\"destacador destacado\">Por eso la Ley Integral incorpora la representaci\u00f3n legal, y con este reglamento estamos dando un paso concreto para implementarla y asegurar ese apoyo tan necesario para obtener reparaci\u00f3n<\/span>\u201d, subray\u00f3.<\/p>\n<p>Cabe recordar que la Ley Integral establece distintas obligaciones en materia de prevenci\u00f3n y atenci\u00f3n de la violencia de g\u00e9nero, adem\u00e1s de crear un Sistema Integrado de Informaci\u00f3n que permitir\u00e1 articular datos entre distintas instituciones del Estado para mejorar la respuesta, seguimiento y protecci\u00f3n de las v\u00edctimas; en l\u00ednea con los compromisos internacionales asumidos por el pa\u00eds.<\/p>\n","protected":false},"excerpt":{"rendered":"<p>La\u00a0Contralor\u00eda General de la Rep\u00fablica\u00a0tom\u00f3 raz\u00f3n del reglamento que establece los est\u00e1ndares t\u00e9cnicos y requisitos formales para la representaci\u00f3n de las mujeres v\u00edctimas de violencia&hellip; <\/p>\n","protected":false},"author":7,"featured_media":99406,"comment_status":"closed","ping_status":"closed","sticky":false,"template":"","format":"standard","meta":{"footnotes":""},"categories":[37],"tags":[],"class_list":["post-99405","post","type-post","status-publish","format-standard","has-post-thumbnail","hentry","category-nacional"],"_links":{"self":[{"href":"https:\/\/www.radioamigavallenar.cl\/index.php?rest_route=\/wp\/v2\/posts\/99405","targetHints":{"allow":["GET"]}}],"collection":[{"href":"https:\/\/www.radioamigavallenar.cl\/index.php?rest_route=\/wp\/v2\/posts"}],"about":[{"href":"https:\/\/www.radioamigavallenar.cl\/index.php?rest_route=\/wp\/v2\/types\/post"}],"author":[{"embeddable":true,"href":"https:\/\/www.radioamigavallenar.cl\/index.php?rest_route=\/wp\/v2\/users\/7"}],"replies":[{"embeddable":true,"href":"https:\/\/www.radioamigavallenar.cl\/index.php?rest_route=%2Fwp%2Fv2%2Fcomments&post=99405"}],"version-history":[{"count":1,"href":"https:\/\/www.radioamigavallenar.cl\/index.php?rest_route=\/wp\/v2\/posts\/99405\/revisions"}],"predecessor-version":[{"id":99407,"href":"https:\/\/www.radioamigavallenar.cl\/index.php?rest_route=\/wp\/v2\/posts\/99405\/revisions\/99407"}],"wp:featuredmedia":[{"embeddable":true,"href":"https:\/\/www.radioamigavallenar.cl\/index.php?rest_route=\/wp\/v2\/media\/99406"}],"wp:attachment":[{"href":"https:\/\/www.radioamigavallenar.cl\/index.php?rest_route=%2Fwp%2Fv2%2Fmedia&parent=99405"}],"wp:term":[{"taxonomy":"category","embeddable":true,"href":"https:\/\/www.radioamigavallenar.cl\/index.php?rest_route=%2Fwp%2Fv2%2Fcategories&post=99405"},{"taxonomy":"post_tag","embeddable":true,"href":"https:\/\/www.radioamigavallenar.cl\/index.php?rest_route=%2Fwp%2Fv2%2Ftags&post=99405"}],"curies":[{"name":"wp","href":"https:\/\/api.w.org\/{rel}","templated":true}]}}