{"id":99402,"date":"2026-03-10T10:51:29","date_gmt":"2026-03-10T13:51:29","guid":{"rendered":"https:\/\/www.radioamigavallenar.cl\/?p=99402"},"modified":"2026-03-10T10:51:29","modified_gmt":"2026-03-10T13:51:29","slug":"preocupacion-en-huasco-por-instalacion-de-viviendas-en-sector-de-torres-de-alta-tension","status":"publish","type":"post","link":"https:\/\/www.radioamigavallenar.cl\/?p=99402","title":{"rendered":"Preocupaci\u00f3n en Huasco por instalaci\u00f3n de viviendas en sector de torres de alta tensi\u00f3n"},"content":{"rendered":"<p data-pm-slice=\"1 1 []\">El alcalde Genaro Brice\u00f1o Tapia, junto al director de Desarrollo Comunitario, Oscar Tapia, el abogado municipal Alex \u00c1lvarez y representantes de la empresa Transelec, sostuvieron una reuni\u00f3n de trabajo para analizar la situaci\u00f3n de viviendas que se han instalado en campamentos ubicados bajo l\u00edneas de transmisi\u00f3n el\u00e9ctrica y torres de alta tensi\u00f3n.<\/p>\n<p>Durante el encuentro se revisaron distintos puntos cr\u00edticos donde existen construcciones en estos sectores, abordando los riesgos asociados.<\/p>\n<p>Como parte de las acciones acordadas, se instalaron letreros informativos y preventivos para advertir sobre los peligros de instalar viviendas bajo estas infraestructuras el\u00e9ctricas y evitar nuevas ocupaciones en estas zonas.<\/p>\n<p>Desde la Municipalidad de Huasco informaron que continuar\u00e1n trabajando en coordinaci\u00f3n con los organismos correspondientes para proteger la seguridad de la comunidad y promover un desarrollo urbano m\u00e1s seguro para todos.<\/p>\n","protected":false},"excerpt":{"rendered":"<p>El alcalde Genaro Brice\u00f1o Tapia, junto al director de Desarrollo Comunitario, Oscar Tapia, el abogado municipal Alex \u00c1lvarez y representantes de la empresa Transelec, sostuvieron&hellip; <\/p>\n","protected":false},"author":7,"featured_media":99403,"comment_status":"closed","ping_status":"closed","sticky":false,"template":"","format":"standard","meta":{"footnotes":""},"categories":[7],"tags":[],"class_list":["post-99402","post","type-post","status-publish","format-standard","has-post-thumbnail","hentry","category-atacama"],"_links":{"self":[{"href":"https:\/\/www.radioamigavallenar.cl\/index.php?rest_route=\/wp\/v2\/posts\/99402","targetHints":{"allow":["GET"]}}],"collection":[{"href":"https:\/\/www.radioamigavallenar.cl\/index.php?rest_route=\/wp\/v2\/posts"}],"about":[{"href":"https:\/\/www.radioamigavallenar.cl\/index.php?rest_route=\/wp\/v2\/types\/post"}],"author":[{"embeddable":true,"href":"https:\/\/www.radioamigavallenar.cl\/index.php?rest_route=\/wp\/v2\/users\/7"}],"replies":[{"embeddable":true,"href":"https:\/\/www.radioamigavallenar.cl\/index.php?rest_route=%2Fwp%2Fv2%2Fcomments&post=99402"}],"version-history":[{"count":1,"href":"https:\/\/www.radioamigavallenar.cl\/index.php?rest_route=\/wp\/v2\/posts\/99402\/revisions"}],"predecessor-version":[{"id":99404,"href":"https:\/\/www.radioamigavallenar.cl\/index.php?rest_route=\/wp\/v2\/posts\/99402\/revisions\/99404"}],"wp:featuredmedia":[{"embeddable":true,"href":"https:\/\/www.radioamigavallenar.cl\/index.php?rest_route=\/wp\/v2\/media\/99403"}],"wp:attachment":[{"href":"https:\/\/www.radioamigavallenar.cl\/index.php?rest_route=%2Fwp%2Fv2%2Fmedia&parent=99402"}],"wp:term":[{"taxonomy":"category","embeddable":true,"href":"https:\/\/www.radioamigavallenar.cl\/index.php?rest_route=%2Fwp%2Fv2%2Fcategories&post=99402"},{"taxonomy":"post_tag","embeddable":true,"href":"https:\/\/www.radioamigavallenar.cl\/index.php?rest_route=%2Fwp%2Fv2%2Ftags&post=99402"}],"curies":[{"name":"wp","href":"https:\/\/api.w.org\/{rel}","templated":true}]}}