{"id":99399,"date":"2026-03-10T10:50:40","date_gmt":"2026-03-10T13:50:40","guid":{"rendered":"https:\/\/www.radioamigavallenar.cl\/?p=99399"},"modified":"2026-03-10T10:50:40","modified_gmt":"2026-03-10T13:50:40","slug":"dos-estudiantes-fueron-detenidos-tras-rina-en-vallenar","status":"publish","type":"post","link":"https:\/\/www.radioamigavallenar.cl\/?p=99399","title":{"rendered":"Dos estudiantes fueron detenidos tras ri\u00f1a en Vallenar"},"content":{"rendered":"<p data-pm-slice=\"1 1 []\">Un procedimiento policial se registr\u00f3 tras una ri\u00f1a entre estudiantes en la comuna de Vallenar, situaci\u00f3n que termin\u00f3 con dos personas detenidas luego de que se constatara que portaban un arma de fuego tipo rev\u00f3lver y un arma blanca.<\/p>\n<p>De acuerdo con antecedentes informados por la Municipalidad de Vallenar y recogidos por Reportes Valles del Huasco, el hecho fue detectado mediante el sistema de c\u00e1maras de televigilancia, lo que permiti\u00f3 una r\u00e1pida coordinaci\u00f3n entre personal de Seguridad Comunal y Carabineros de Chile para intervenir en el lugar.<\/p>\n<p>Tras la llegada de los equipos de seguridad, ambos involucrados fueron detenidos y posteriormente puestos a disposici\u00f3n de la justicia para su respectivo control de detenci\u00f3n, mientras se investigan las circunstancias en que ocurrieron los hechos.<\/p>\n<p>\u00abEste procedimiento refleja el trabajo colaborativo entre las instituciones de seguridad, reforzando el compromiso de la administraci\u00f3n del alcalde V\u00edctor Isla Lutz con la protecci\u00f3n de los vecinos y vecinas, y con el fortalecimiento de los espacios p\u00fablicos para una comuna m\u00e1s segura\u00bb, afirm\u00f3 el municipio.<\/p>\n","protected":false},"excerpt":{"rendered":"<p>Un procedimiento policial se registr\u00f3 tras una ri\u00f1a entre estudiantes en la comuna de Vallenar, situaci\u00f3n que termin\u00f3 con dos personas detenidas luego de que&hellip; <\/p>\n","protected":false},"author":7,"featured_media":99400,"comment_status":"closed","ping_status":"closed","sticky":false,"template":"","format":"standard","meta":{"footnotes":""},"categories":[7],"tags":[],"class_list":["post-99399","post","type-post","status-publish","format-standard","has-post-thumbnail","hentry","category-atacama"],"_links":{"self":[{"href":"https:\/\/www.radioamigavallenar.cl\/index.php?rest_route=\/wp\/v2\/posts\/99399","targetHints":{"allow":["GET"]}}],"collection":[{"href":"https:\/\/www.radioamigavallenar.cl\/index.php?rest_route=\/wp\/v2\/posts"}],"about":[{"href":"https:\/\/www.radioamigavallenar.cl\/index.php?rest_route=\/wp\/v2\/types\/post"}],"author":[{"embeddable":true,"href":"https:\/\/www.radioamigavallenar.cl\/index.php?rest_route=\/wp\/v2\/users\/7"}],"replies":[{"embeddable":true,"href":"https:\/\/www.radioamigavallenar.cl\/index.php?rest_route=%2Fwp%2Fv2%2Fcomments&post=99399"}],"version-history":[{"count":1,"href":"https:\/\/www.radioamigavallenar.cl\/index.php?rest_route=\/wp\/v2\/posts\/99399\/revisions"}],"predecessor-version":[{"id":99401,"href":"https:\/\/www.radioamigavallenar.cl\/index.php?rest_route=\/wp\/v2\/posts\/99399\/revisions\/99401"}],"wp:featuredmedia":[{"embeddable":true,"href":"https:\/\/www.radioamigavallenar.cl\/index.php?rest_route=\/wp\/v2\/media\/99400"}],"wp:attachment":[{"href":"https:\/\/www.radioamigavallenar.cl\/index.php?rest_route=%2Fwp%2Fv2%2Fmedia&parent=99399"}],"wp:term":[{"taxonomy":"category","embeddable":true,"href":"https:\/\/www.radioamigavallenar.cl\/index.php?rest_route=%2Fwp%2Fv2%2Fcategories&post=99399"},{"taxonomy":"post_tag","embeddable":true,"href":"https:\/\/www.radioamigavallenar.cl\/index.php?rest_route=%2Fwp%2Fv2%2Ftags&post=99399"}],"curies":[{"name":"wp","href":"https:\/\/api.w.org\/{rel}","templated":true}]}}