{"id":99396,"date":"2026-03-10T10:31:38","date_gmt":"2026-03-10T13:31:38","guid":{"rendered":"https:\/\/www.radioamigavallenar.cl\/?p=99396"},"modified":"2026-03-10T10:31:38","modified_gmt":"2026-03-10T13:31:38","slug":"tras-dichos-de-trump-sobre-el-fin-de-la-guerra-con-iran-el-petroleo-cayo-mas-de-6","status":"publish","type":"post","link":"https:\/\/www.radioamigavallenar.cl\/?p=99396","title":{"rendered":"Tras dichos de Trump sobre el fin de la guerra con Ir\u00e1n, el petr\u00f3leo cay\u00f3 m\u00e1s de 6%"},"content":{"rendered":"<p>El precio del barril de brent, tras dispararse en la v\u00edspera,\u00a0<strong>cay\u00f3 en la apertura de este martes m\u00e1s del 6 %<\/strong>, hasta situarse en el entorno de los 92 d\u00f3lares, en un contexto de\u00a0fuerte volatilidad por la escalada b\u00e9lica en Medio Oriente.<\/p>\n<p>En la v\u00edspera, el precio del petr\u00f3leo, que lleg\u00f3 a\u00a0<strong>dispararse casi un 29 %<\/strong>, hasta situarse cerca de los 120 d\u00f3lares -m\u00e1ximos desde 2022-,\u00a0<strong>cerr\u00f3 finalmente con un repunte del 6,76 %<\/strong>\u00a0en el mercado de futuros de Londres.<\/p>\n<p>Todo ello en una jornada vol\u00e1til en la que el petr\u00f3leo se dispar\u00f3 ante el\u00a0<strong>creciente temor a una interrupci\u00f3n de suministro en el estrecho de Ormuz<\/strong>\u00a0derivada de la guerra de Estados Unidos e Israel contra Ir\u00e1n y la escalada a otros pa\u00edses de la regi\u00f3n.<\/p>\n<p>No obstante, el crudo redujo dr\u00e1sticamente la subida despu\u00e9s de que el presidente estadounidense,\u00a0<strong>Donald Trump<\/strong>, dijera la tarde de ayer que\u00a0<strong>la guerra con Ir\u00e1n est\u00e1 \u00abpr\u00e1cticamente terminada\u00bb<\/strong>.<\/p>\n<p>Adem\u00e1s, Trump asegur\u00f3 en una entrevista con<em>\u00a0CBS<\/em>\u00a0que est\u00e1 planeando\u00a0<strong>\u00abtomar el control\u00bb del estrecho de Ormuz<\/strong>. Tambi\u00e9n, el presidente franc\u00e9s,\u00a0<strong>Emmanuel Macron<\/strong>, anunci\u00f3 que est\u00e1 en marcha una\u00a0<strong>misi\u00f3n internacional de car\u00e1cter \u00abdefensivo\u00bb<\/strong>\u00a0para abrir progresivamente el paso estrat\u00e9gico.<\/p>\n<p>Por su parte, el petr\u00f3leo intermedio de Texas (WTI, por su sigla en ingl\u00e9s)\u00a0<strong>cay\u00f3 este martes el 6,05 %, hasta 89,04 d\u00f3lares el barril<\/strong>\u00a0antes de la apertura oficial del mercado en Estados Unidos.<\/p>\n","protected":false},"excerpt":{"rendered":"<p>El precio del barril de brent, tras dispararse en la v\u00edspera,\u00a0cay\u00f3 en la apertura de este martes m\u00e1s del 6 %, hasta situarse en el&hellip; <\/p>\n","protected":false},"author":7,"featured_media":99397,"comment_status":"closed","ping_status":"closed","sticky":false,"template":"","format":"standard","meta":{"footnotes":""},"categories":[37],"tags":[],"class_list":["post-99396","post","type-post","status-publish","format-standard","has-post-thumbnail","hentry","category-nacional"],"_links":{"self":[{"href":"https:\/\/www.radioamigavallenar.cl\/index.php?rest_route=\/wp\/v2\/posts\/99396","targetHints":{"allow":["GET"]}}],"collection":[{"href":"https:\/\/www.radioamigavallenar.cl\/index.php?rest_route=\/wp\/v2\/posts"}],"about":[{"href":"https:\/\/www.radioamigavallenar.cl\/index.php?rest_route=\/wp\/v2\/types\/post"}],"author":[{"embeddable":true,"href":"https:\/\/www.radioamigavallenar.cl\/index.php?rest_route=\/wp\/v2\/users\/7"}],"replies":[{"embeddable":true,"href":"https:\/\/www.radioamigavallenar.cl\/index.php?rest_route=%2Fwp%2Fv2%2Fcomments&post=99396"}],"version-history":[{"count":1,"href":"https:\/\/www.radioamigavallenar.cl\/index.php?rest_route=\/wp\/v2\/posts\/99396\/revisions"}],"predecessor-version":[{"id":99398,"href":"https:\/\/www.radioamigavallenar.cl\/index.php?rest_route=\/wp\/v2\/posts\/99396\/revisions\/99398"}],"wp:featuredmedia":[{"embeddable":true,"href":"https:\/\/www.radioamigavallenar.cl\/index.php?rest_route=\/wp\/v2\/media\/99397"}],"wp:attachment":[{"href":"https:\/\/www.radioamigavallenar.cl\/index.php?rest_route=%2Fwp%2Fv2%2Fmedia&parent=99396"}],"wp:term":[{"taxonomy":"category","embeddable":true,"href":"https:\/\/www.radioamigavallenar.cl\/index.php?rest_route=%2Fwp%2Fv2%2Fcategories&post=99396"},{"taxonomy":"post_tag","embeddable":true,"href":"https:\/\/www.radioamigavallenar.cl\/index.php?rest_route=%2Fwp%2Fv2%2Ftags&post=99396"}],"curies":[{"name":"wp","href":"https:\/\/api.w.org\/{rel}","templated":true}]}}