{"id":99392,"date":"2026-03-10T10:28:03","date_gmt":"2026-03-10T13:28:03","guid":{"rendered":"https:\/\/www.radioamigavallenar.cl\/?p=99392"},"modified":"2026-03-10T10:28:20","modified_gmt":"2026-03-10T13:28:20","slug":"copiapo-imputada-por-trafico-de-mas-de-600-kilos-de-droga-cumplira-cautelar-de-prision-preventiva","status":"publish","type":"post","link":"https:\/\/www.radioamigavallenar.cl\/?p=99392","title":{"rendered":"Copiap\u00f3: Imputada por tr\u00e1fico de m\u00e1s de 600 kilos de droga cumplir\u00e1 cautelar de prisi\u00f3n preventiva"},"content":{"rendered":"<p><strong>Fiscal de la Unidad SACFI-ECOH, Sebasti\u00e1n Coya Gonz\u00e1lez, indic\u00f3 que la mujer result\u00f3 herida a bala en el procedimiento y lleg\u00f3 de urgencia al Hospital de Vallenar donde finalmente fue detenida. <\/strong><strong>\u00a0\u00a0<\/strong><\/p>\n<p><strong><em>\u00a0<\/em><\/strong><\/p>\n<p>La ma\u00f1ana de ayer lunes la Fiscal\u00eda de Atacama formaliz\u00f3 la investigaci\u00f3n por los delitos de tr\u00e1fico il\u00edcito de droga y la calificante de agrupaci\u00f3n de personas para cometer este il\u00edcito, respecto de una imputada que fue detenida en un procedimiento del OS-7 de Carabineros en que la mujer result\u00f3 herida a bala.<\/p>\n<p>La audiencia fue asumida por el fiscal de la Unidad SACFI-ECOH, Sebasti\u00e1n Coya Gonz\u00e1lez, quien argument\u00f3 que los hechos indagados comenzaron a sucederse en el sector del peaje Totoral cuando personal del OS-7 intent\u00f3 fiscalizar un veh\u00edculo con dos ocupantes en su interior, siendo la copiloto la imputada, el cual se dio a la fuga comenzando en ese momento un seguimiento a distancia y luego una persecuci\u00f3n por la ruta 5 norte.<\/p>\n<p>\u201cEn esta din\u00e1mica hubo otros dos veh\u00edculos que prestaron cobertura al furg\u00f3n cargado con droga poniendo en riesgo la integridad f\u00edsica de los funcionarios policiales, haciendo uno de ellos uso de su arma de servicio.<\/p>\n<p>Luego de unos minutos el veh\u00edculo cargado con 615 kilos de marihuana fue encontrado sin sus ocupantes y manchas de sangre en su interior, lo que motiv\u00f3 alertar a los recintos asistenciales de la regi\u00f3n. Fue as\u00ed como alrededor de cuatro horas despu\u00e9s de los hechos la mujer se present\u00f3 herida con una lesi\u00f3n bal\u00edstica en su abdomen\u201d, dijo el fiscal.<\/p>\n<p>Sebasti\u00e1n Coya agreg\u00f3 que frente a esta alerta el OS-7 concurri\u00f3 al recinto y detuvo a la mujer quien reconoci\u00f3 su participaci\u00f3n en los hechos.<\/p>\n<p>Frente a los antecedentes, la gravedad del delito y la evidencia que acreditan la participaci\u00f3n de la mujer de nacionalidad colombiana en los delitos formalizados, la Fiscal\u00eda solicit\u00f3 y obtuvo la medida cautelar de prisi\u00f3n preventiva ordenando el Juez de turno su ingreso a un recinto penitenciario de la regi\u00f3n y fijando un plazo de 6 meses para el desarrollo del resto de las diligencias investigativas de este caso.<\/p>\n","protected":false},"excerpt":{"rendered":"<p>Fiscal de la Unidad SACFI-ECOH, Sebasti\u00e1n Coya Gonz\u00e1lez, indic\u00f3 que la mujer result\u00f3 herida a bala en el procedimiento y lleg\u00f3 de urgencia al Hospital&hellip; <\/p>\n","protected":false},"author":7,"featured_media":99393,"comment_status":"closed","ping_status":"closed","sticky":false,"template":"","format":"standard","meta":{"footnotes":""},"categories":[38],"tags":[],"class_list":["post-99392","post","type-post","status-publish","format-standard","has-post-thumbnail","hentry","category-portada-regional"],"_links":{"self":[{"href":"https:\/\/www.radioamigavallenar.cl\/index.php?rest_route=\/wp\/v2\/posts\/99392","targetHints":{"allow":["GET"]}}],"collection":[{"href":"https:\/\/www.radioamigavallenar.cl\/index.php?rest_route=\/wp\/v2\/posts"}],"about":[{"href":"https:\/\/www.radioamigavallenar.cl\/index.php?rest_route=\/wp\/v2\/types\/post"}],"author":[{"embeddable":true,"href":"https:\/\/www.radioamigavallenar.cl\/index.php?rest_route=\/wp\/v2\/users\/7"}],"replies":[{"embeddable":true,"href":"https:\/\/www.radioamigavallenar.cl\/index.php?rest_route=%2Fwp%2Fv2%2Fcomments&post=99392"}],"version-history":[{"count":2,"href":"https:\/\/www.radioamigavallenar.cl\/index.php?rest_route=\/wp\/v2\/posts\/99392\/revisions"}],"predecessor-version":[{"id":99395,"href":"https:\/\/www.radioamigavallenar.cl\/index.php?rest_route=\/wp\/v2\/posts\/99392\/revisions\/99395"}],"wp:featuredmedia":[{"embeddable":true,"href":"https:\/\/www.radioamigavallenar.cl\/index.php?rest_route=\/wp\/v2\/media\/99393"}],"wp:attachment":[{"href":"https:\/\/www.radioamigavallenar.cl\/index.php?rest_route=%2Fwp%2Fv2%2Fmedia&parent=99392"}],"wp:term":[{"taxonomy":"category","embeddable":true,"href":"https:\/\/www.radioamigavallenar.cl\/index.php?rest_route=%2Fwp%2Fv2%2Fcategories&post=99392"},{"taxonomy":"post_tag","embeddable":true,"href":"https:\/\/www.radioamigavallenar.cl\/index.php?rest_route=%2Fwp%2Fv2%2Ftags&post=99392"}],"curies":[{"name":"wp","href":"https:\/\/api.w.org\/{rel}","templated":true}]}}