{"id":99387,"date":"2026-03-10T00:01:58","date_gmt":"2026-03-10T03:01:58","guid":{"rendered":"https:\/\/www.radioamigavallenar.cl\/?p=99387"},"modified":"2026-03-10T09:39:20","modified_gmt":"2026-03-10T12:39:20","slug":"mas-de-10-mil-personas-cerraron-con-musica-y-celebracion-el-festival-vallenar-canta-2026","status":"publish","type":"post","link":"https:\/\/www.radioamigavallenar.cl\/?p=99387","title":{"rendered":"M\u00e1s de 10 mil personas cerraron con m\u00fasica y celebraci\u00f3n el Festival Vallenar Canta 2026"},"content":{"rendered":"<p>Un gran marco de p\u00fablico acompa\u00f1\u00f3 la tercera y \u00faltima jornada del Festival Vallenar Canta 2026, realizada en el Estadio Nelson Rojas, donde cerca de 10 mil personas llegaron para disfrutar del cierre de tres noches marcadas por la m\u00fasica, el talento y el encuentro de la comunidad.<\/p>\n<p>La jornada cont\u00f3 con la presencia del alcalde de Vallenar, V\u00edctor Isla Lutz, junto al Honorable Concejo Municipal, adem\u00e1s de autoridades locales y regionales. Entre los invitados destac\u00f3 tambi\u00e9n la visita del alcalde de Freirina, Fernando Ruhl, quien particip\u00f3 de esta \u00faltima noche del tradicional certamen musical de la capital de la provincia del Huasco.<\/p>\n<p>La velada comenz\u00f3 con la premiaci\u00f3n de la competencia musical del festival, instancia en la que participaron artistas provenientes de distintas ciudades del pa\u00eds. En esta versi\u00f3n, el primer lugar fue obtenido por Susan Villagr\u00e1n, representante de Rauco, en la Regi\u00f3n del Maule, quien se qued\u00f3 con el m\u00e1ximo reconocimiento del certamen, la Vendimia, adem\u00e1s de un premio de un mill\u00f3n de pesos, gracias a su interpretaci\u00f3n de la canci\u00f3n \u201cValiente\u201d.<\/p>\n<p>El segundo lugar fue para la cantante Roxana V\u00e1squez, de Antofagasta, con el tema \u201cPorque esta hembra no llora\u201d, obteniendo un premio de 500 mil pesos. En tanto, el tercer puesto lo alcanz\u00f3 Luisa Aguirre, representante de Coquimbo, con la canci\u00f3n \u201cHoy quiero confesarme\u201d, recibiendo 300 mil pesos. El Premio a la Popularidad, entregado por el apoyo del p\u00fablico, fue para Andrea Betancur, de Concepci\u00f3n, con el tema \u201cUn sue\u00f1o imposible\u201d, quien recibi\u00f3 150 mil pesos.<\/p>\n<p>Tras la competencia, el escenario del Estadio Nelson Rojas se llen\u00f3 de m\u00fasica con la presentaci\u00f3n del reconocido grupo nacional de hip hop Movimiento Original, quienes convocaron a un numeroso p\u00fablico juvenil que core\u00f3 sus canciones durante toda la noche.<\/p>\n<p>Posteriormente, el cantante nacional Quique Neira se reencontr\u00f3 con el p\u00fablico vallenarino, repasando parte de su trayectoria musical. Durante su presentaci\u00f3n, el artista recibi\u00f3 de manos del alcalde la tradicional Vendimia, s\u00edmbolo que distingue a quienes forman parte de la historia del festival.<\/p>\n<p>La jornada tambi\u00e9n cont\u00f3 con la participaci\u00f3n de la agrupaci\u00f3n local Corral Mala Fama, quienes compartieron su propuesta musical con el p\u00fablico presente, recibiendo el reconocimiento y aplauso de los asistentes.<\/p>\n<p>El cierre de la tercera noche y del Festival Vallenar Canta 2026 estuvo a cargo del grupo Los Pincheiras del Sur, liderados por John Rosales, quienes hicieron bailar a los asistentes con lo mejor de la m\u00fasica tropical ranchera, poniendo el broche final a tres d\u00edas de m\u00fasica, cultura y celebraci\u00f3n para la comunidad.<\/p>\n","protected":false},"excerpt":{"rendered":"<p>Un gran marco de p\u00fablico acompa\u00f1\u00f3 la tercera y \u00faltima jornada del Festival Vallenar Canta 2026, realizada en el Estadio Nelson Rojas, donde cerca de&hellip; <\/p>\n","protected":false},"author":7,"featured_media":99388,"comment_status":"closed","ping_status":"closed","sticky":false,"template":"","format":"standard","meta":{"footnotes":""},"categories":[7],"tags":[],"class_list":["post-99387","post","type-post","status-publish","format-standard","has-post-thumbnail","hentry","category-atacama"],"_links":{"self":[{"href":"https:\/\/www.radioamigavallenar.cl\/index.php?rest_route=\/wp\/v2\/posts\/99387","targetHints":{"allow":["GET"]}}],"collection":[{"href":"https:\/\/www.radioamigavallenar.cl\/index.php?rest_route=\/wp\/v2\/posts"}],"about":[{"href":"https:\/\/www.radioamigavallenar.cl\/index.php?rest_route=\/wp\/v2\/types\/post"}],"author":[{"embeddable":true,"href":"https:\/\/www.radioamigavallenar.cl\/index.php?rest_route=\/wp\/v2\/users\/7"}],"replies":[{"embeddable":true,"href":"https:\/\/www.radioamigavallenar.cl\/index.php?rest_route=%2Fwp%2Fv2%2Fcomments&post=99387"}],"version-history":[{"count":1,"href":"https:\/\/www.radioamigavallenar.cl\/index.php?rest_route=\/wp\/v2\/posts\/99387\/revisions"}],"predecessor-version":[{"id":99389,"href":"https:\/\/www.radioamigavallenar.cl\/index.php?rest_route=\/wp\/v2\/posts\/99387\/revisions\/99389"}],"wp:featuredmedia":[{"embeddable":true,"href":"https:\/\/www.radioamigavallenar.cl\/index.php?rest_route=\/wp\/v2\/media\/99388"}],"wp:attachment":[{"href":"https:\/\/www.radioamigavallenar.cl\/index.php?rest_route=%2Fwp%2Fv2%2Fmedia&parent=99387"}],"wp:term":[{"taxonomy":"category","embeddable":true,"href":"https:\/\/www.radioamigavallenar.cl\/index.php?rest_route=%2Fwp%2Fv2%2Fcategories&post=99387"},{"taxonomy":"post_tag","embeddable":true,"href":"https:\/\/www.radioamigavallenar.cl\/index.php?rest_route=%2Fwp%2Fv2%2Ftags&post=99387"}],"curies":[{"name":"wp","href":"https:\/\/api.w.org\/{rel}","templated":true}]}}