{"id":99384,"date":"2026-03-10T00:01:04","date_gmt":"2026-03-10T03:01:04","guid":{"rendered":"https:\/\/www.radioamigavallenar.cl\/?p=99384"},"modified":"2026-03-09T21:46:43","modified_gmt":"2026-03-10T00:46:43","slug":"inauguracion-de-proyecto-fotovoltaico-para-servicios-sanitarios-rurales-para-san-felix-alto-del-carmen-y-el-transito","status":"publish","type":"post","link":"https:\/\/www.radioamigavallenar.cl\/?p=99384","title":{"rendered":"Inauguraci\u00f3n de proyecto fotovoltaico para Servicios Sanitarios Rurales para San F\u00e9lix, Alto del Carmen y El Tr\u00e1nsito"},"content":{"rendered":"<p>En la localidad de San F\u00e9lix se realiz\u00f3 la inauguraci\u00f3n del proyecto \u201cConstrucci\u00f3n de Recintos y Suministro El\u00e9ctrico Fotovoltaico\u201d para los Sistemas de Servicios Sanitarios Rurales de Alto del Carmen, San F\u00e9lix y El Tr\u00e1nsito, iniciativa financiada por SUBDERE con una inversi\u00f3n de $265.106.997.<\/p>\n<p>El proyecto incorpora un moderno sistema tecnol\u00f3gico de gesti\u00f3n de energ\u00eda para entornos aislados que integra control, supervisi\u00f3n, protecci\u00f3n y toma de decisiones del sistema el\u00e9ctrico.<\/p>\n<p>Incluye protecciones para la instalaci\u00f3n y los inversores, sistema de conmutaci\u00f3n r\u00e1pida de respaldo ante fallas y acceso restringido mediante credenciales para personal autorizado. Adem\u00e1s, cuenta con dos pantallas HMI para visualizaci\u00f3n de flujos de energ\u00eda y operaci\u00f3n del sistema, permitiendo control local, remoto y desde plataformas externas.<\/p>\n<p>Esta iniciativa permitir\u00e1 reducir costos de energ\u00eda, mejorar la eficiencia operativa y garantizar un suministro de agua m\u00e1s eficiente y sustentable para las familias de la comuna, incorporando energ\u00edas renovables no convencionales.<\/p>\n<p>La actividad cont\u00f3 con la presencia del Jefe Regional SUBDERE, Juan Jos\u00e9 Moreno; el alcalde Cristian Olivares; la Seremi de Energ\u00eda Yenny Valenzuela; la delegada provincial Karina Z\u00e1rate; los concejales Homero Campillay, Luis Paredes y Bladimir Bolados, adem\u00e1s de directivas de los tres SSR beneficiados, invitados especiales y la comunidad.<\/p>\n<p>En la actividad se agradeci\u00f3 el gran apoyo del Jefe Regional Subdere en las gestiones realizadas en beneficio de la comuna, que ha permitido convertir la comuna en la de m\u00e1s alta inversi\u00f3n de Subdere a nivel regional.<\/p>\n","protected":false},"excerpt":{"rendered":"<p>En la localidad de San F\u00e9lix se realiz\u00f3 la inauguraci\u00f3n del proyecto \u201cConstrucci\u00f3n de Recintos y Suministro El\u00e9ctrico Fotovoltaico\u201d para los Sistemas de Servicios Sanitarios&hellip; <\/p>\n","protected":false},"author":7,"featured_media":99385,"comment_status":"closed","ping_status":"closed","sticky":false,"template":"","format":"standard","meta":{"footnotes":""},"categories":[7],"tags":[],"class_list":["post-99384","post","type-post","status-publish","format-standard","has-post-thumbnail","hentry","category-atacama"],"_links":{"self":[{"href":"https:\/\/www.radioamigavallenar.cl\/index.php?rest_route=\/wp\/v2\/posts\/99384","targetHints":{"allow":["GET"]}}],"collection":[{"href":"https:\/\/www.radioamigavallenar.cl\/index.php?rest_route=\/wp\/v2\/posts"}],"about":[{"href":"https:\/\/www.radioamigavallenar.cl\/index.php?rest_route=\/wp\/v2\/types\/post"}],"author":[{"embeddable":true,"href":"https:\/\/www.radioamigavallenar.cl\/index.php?rest_route=\/wp\/v2\/users\/7"}],"replies":[{"embeddable":true,"href":"https:\/\/www.radioamigavallenar.cl\/index.php?rest_route=%2Fwp%2Fv2%2Fcomments&post=99384"}],"version-history":[{"count":1,"href":"https:\/\/www.radioamigavallenar.cl\/index.php?rest_route=\/wp\/v2\/posts\/99384\/revisions"}],"predecessor-version":[{"id":99386,"href":"https:\/\/www.radioamigavallenar.cl\/index.php?rest_route=\/wp\/v2\/posts\/99384\/revisions\/99386"}],"wp:featuredmedia":[{"embeddable":true,"href":"https:\/\/www.radioamigavallenar.cl\/index.php?rest_route=\/wp\/v2\/media\/99385"}],"wp:attachment":[{"href":"https:\/\/www.radioamigavallenar.cl\/index.php?rest_route=%2Fwp%2Fv2%2Fmedia&parent=99384"}],"wp:term":[{"taxonomy":"category","embeddable":true,"href":"https:\/\/www.radioamigavallenar.cl\/index.php?rest_route=%2Fwp%2Fv2%2Fcategories&post=99384"},{"taxonomy":"post_tag","embeddable":true,"href":"https:\/\/www.radioamigavallenar.cl\/index.php?rest_route=%2Fwp%2Fv2%2Ftags&post=99384"}],"curies":[{"name":"wp","href":"https:\/\/api.w.org\/{rel}","templated":true}]}}