{"id":99374,"date":"2026-03-10T00:00:56","date_gmt":"2026-03-10T03:00:56","guid":{"rendered":"https:\/\/www.radioamigavallenar.cl\/?p=99374"},"modified":"2026-03-09T21:40:39","modified_gmt":"2026-03-10T00:40:39","slug":"el-liderazgo-femenino-impulsa-el-desarrollo-de-la-region-de-atacama","status":"publish","type":"post","link":"https:\/\/www.radioamigavallenar.cl\/?p=99374","title":{"rendered":"El liderazgo femenino impulsa el desarrollo de la Regi\u00f3n de Atacama"},"content":{"rendered":"<p>En el marco del D\u00eda Internacional de la Mujer, la Corporaci\u00f3n para el Desarrollo de la Regi\u00f3n de Atacama CORPROA destac\u00f3 el liderazgo de sus socias y el equipo profesional que lidera la transformaci\u00f3n productiva del territorio.<\/p>\n<p>Hist\u00f3ricamente, el desarrollo de Atacama ha estado ligado a sectores con fuerte presencia masculina, como la miner\u00eda. Sin embargo, el panorama actual cuenta una historia distinta: hoy, el crecimiento econ\u00f3mico y social de la regi\u00f3n tiene rostro de mujer. El rol estrat\u00e9gico que desempe\u00f1an las mujeres tanto en la toma de decisiones corporativas como en la gesti\u00f3n t\u00e9cnica que mueve a la regi\u00f3n es ampliamente destacado por CORPROA.<\/p>\n<p>&nbsp;<\/p>\n<p style=\"text-align: center;\"><strong>Un impacto que trasciende a las empresas<\/strong><\/p>\n<p>&nbsp;<\/p>\n<p>Las mujeres socias de CORPROA no solo lideran compa\u00f1\u00edas de servicios, miner\u00eda y energ\u00eda, sino que son piezas clave en la implementaci\u00f3n de modelos de valor compartido. Su gesti\u00f3n se caracteriza por una visi\u00f3n integral que equilibra la eficiencia operativa con un compromiso real por el entorno social y ambiental de Atacama.<\/p>\n<p>\u201cEn contextos industriales tan exigentes como los nuestros, la diversidad de liderazgos son esenciales para enfrentar los desaf\u00edos que se nos presentan. Como directoras de CORPROA, vemos con orgullo c\u00f3mo la perspectiva de las mujeres aporta agilidad y una mirada innovadora, no solo dinamizando la competitividad, sino que asegurando que el crecimiento regional se vea enriquecido con responsabilidad y equidad\u00bb, coment\u00f3 Ximena Matas, Directora de CORPROA y Directora de Sustentabilidad de Lundin Mining Candelaria.<\/p>\n<p>Desde la Corporaci\u00f3n se reconoce que la participaci\u00f3n femenina ha incentivado una nueva din\u00e1mica, fomentando la innovaci\u00f3n en contextos industriales complejos. Este aporte es fundamental para que Atacama se mantenga como un polo de inversi\u00f3n atractivo y sostenible a largo plazo.<\/p>\n<p>Para Stephanie Wilhelm, Directora de CORPROA, \u00ablas mujeres estamos encabezando transformaciones cr\u00edticas en sectores estrat\u00e9gicos. Nuestra participaci\u00f3n en la toma de decisiones no solo enriquece la cultura corporativa de nuestras empresas, sino que fortalece el tejido productivo regional, ya que el desarrollo de nuestra regi\u00f3n requiere de un liderazgo diverso y comprometido con el territorio\u00bb. El coraz\u00f3n de la gesti\u00f3n: El equipo CORPROA<\/p>\n<p>M\u00e1s all\u00e1 de las cifras, el equipo profesional de CORPROA cuenta con mujeres l\u00edderes que coordinan la relaci\u00f3n con grandes mandantes, lideran proyectos p\u00fablico-privados o son parte esencial de iniciativas como EXPO FOREDE, transformando los objetivos de la Corporaci\u00f3n en acciones que benefician a las empresas locales, demostrando que el talento y la capacidad de gesti\u00f3n son los verdaderos motores de la descentralizaci\u00f3n.<\/p>\n<p>\u00abEn la Corporaci\u00f3n vemos a diario c\u00f3mo el talento femenino es el que transforma las grandes metas institucionales en objetivos tangibles. Dar vida a hitos como EXPO FOREDE requiere una capacidad de articulaci\u00f3n t\u00e9cnica y humana que nuestras profesionales dominan con excelencia y demuestra<\/p>\n<p>que la capacidad ejecutiva de las mujeres es, hoy m\u00e1s que nunca, el motor operativo que sustenta el desarrollo de nuestra regi\u00f3n\u00bb, afirm\u00f3 Paola \u00c1lvarez, Subgerente de Administraci\u00f3n y Finanzas de CORPROA.<\/p>\n<p style=\"text-align: center;\"><strong>Hacia un desarrollo inclusivo<\/strong><\/p>\n<p>Para Juan Jos\u00e9 Ronsecco, Presidente de la Corporaci\u00f3n, la conmemoraci\u00f3n de esta fecha es una oportunidad para reafirmar compromisos: \u00abel aporte de la mujer en Atacama es una realidad t\u00e9cnica y estrat\u00e9gica. En CORPROA, nuestras socias y nuestro equipo interno son el pilar que sostiene la visi\u00f3n de una regi\u00f3n moderna e integrada\u00bb, coment\u00f3. Para CORPROA, sus socios y equipo, el desaf\u00edo es seguir abriendo espacios de liderazgo para que m\u00e1s mujeres se sumen a los sectores estrat\u00e9gicos, asegurando que el progreso de Atacama sea, por definici\u00f3n, inclusivo y equitativo.<\/p>\n","protected":false},"excerpt":{"rendered":"<p>En el marco del D\u00eda Internacional de la Mujer, la Corporaci\u00f3n para el Desarrollo de la Regi\u00f3n de Atacama CORPROA destac\u00f3 el liderazgo de sus&hellip; <\/p>\n","protected":false},"author":7,"featured_media":99375,"comment_status":"closed","ping_status":"closed","sticky":false,"template":"","format":"standard","meta":{"footnotes":""},"categories":[38],"tags":[],"class_list":["post-99374","post","type-post","status-publish","format-standard","has-post-thumbnail","hentry","category-portada-regional"],"_links":{"self":[{"href":"https:\/\/www.radioamigavallenar.cl\/index.php?rest_route=\/wp\/v2\/posts\/99374","targetHints":{"allow":["GET"]}}],"collection":[{"href":"https:\/\/www.radioamigavallenar.cl\/index.php?rest_route=\/wp\/v2\/posts"}],"about":[{"href":"https:\/\/www.radioamigavallenar.cl\/index.php?rest_route=\/wp\/v2\/types\/post"}],"author":[{"embeddable":true,"href":"https:\/\/www.radioamigavallenar.cl\/index.php?rest_route=\/wp\/v2\/users\/7"}],"replies":[{"embeddable":true,"href":"https:\/\/www.radioamigavallenar.cl\/index.php?rest_route=%2Fwp%2Fv2%2Fcomments&post=99374"}],"version-history":[{"count":2,"href":"https:\/\/www.radioamigavallenar.cl\/index.php?rest_route=\/wp\/v2\/posts\/99374\/revisions"}],"predecessor-version":[{"id":99377,"href":"https:\/\/www.radioamigavallenar.cl\/index.php?rest_route=\/wp\/v2\/posts\/99374\/revisions\/99377"}],"wp:featuredmedia":[{"embeddable":true,"href":"https:\/\/www.radioamigavallenar.cl\/index.php?rest_route=\/wp\/v2\/media\/99375"}],"wp:attachment":[{"href":"https:\/\/www.radioamigavallenar.cl\/index.php?rest_route=%2Fwp%2Fv2%2Fmedia&parent=99374"}],"wp:term":[{"taxonomy":"category","embeddable":true,"href":"https:\/\/www.radioamigavallenar.cl\/index.php?rest_route=%2Fwp%2Fv2%2Fcategories&post=99374"},{"taxonomy":"post_tag","embeddable":true,"href":"https:\/\/www.radioamigavallenar.cl\/index.php?rest_route=%2Fwp%2Fv2%2Ftags&post=99374"}],"curies":[{"name":"wp","href":"https:\/\/api.w.org\/{rel}","templated":true}]}}