{"id":99368,"date":"2026-03-10T00:00:43","date_gmt":"2026-03-10T03:00:43","guid":{"rendered":"https:\/\/www.radioamigavallenar.cl\/?p=99368"},"modified":"2026-03-09T21:34:45","modified_gmt":"2026-03-10T00:34:45","slug":"seremi-veronica-rivera-fue-la-1o-mujer-atacamena-en-asumir-el-ministerio-desarrollo-social-en-la-region","status":"publish","type":"post","link":"https:\/\/www.radioamigavallenar.cl\/?p=99368","title":{"rendered":"Seremi Ver\u00f3nica Rivera fue la 1\u00ba mujer atacame\u00f1a en asumir el Ministerio Desarrollo Social en la regi\u00f3n"},"content":{"rendered":"<p>\u00b7 La autoridad describi\u00f3 el incremento de recursos del Programa Red Local de Apoyos y Cuidados, la instalaci\u00f3n de Centros Comunitarios de Cuidados, la instalaci\u00f3n de las Oficinas Locales de la Ni\u00f1ez en toda la regi\u00f3n, por nombrar s\u00f3lo algunos ejemplos.<\/p>\n<p>&nbsp;<\/p>\n<p>Con el objetivo de dar a conocer los avances de la cartera, durante los \u00faltimos a\u00f1os, la Seremi Ver\u00f3nica Rivera Reynoso, destac\u00f3 el rol de las y los funcionarios p\u00fablicos, las y los usuarios de los programas y beneficios, y de todos los colaboradores y asociados, instituciones pr\u00f3vidas y p\u00fablicas, que, han permitido generan mayor desarrollo social y de familia en la regi\u00f3n de Atacama.<\/p>\n<p>&nbsp;<\/p>\n<p>Respecto del Sistema Nacional de Apoyos y Cuidados, Chile Cuida, que logr\u00f3 un apoyo trasversal en el Congreso y transformase a inicios del presente a\u00f1o, en Ley de la Rep\u00fablica de Chile, la Seremi de Desarrollo Social argument\u00f3 que, \u201cUno de los pilares de este sistema es el programa Red Local de Apoyos y Cuidados, el cual es ejecutado por las municipalidades y financiado por nuestro Ministerio. En la regi\u00f3n logramos aumentar la cobertura y la capacidad de recursos.<\/p>\n<p>&nbsp;<\/p>\n<p>\u201cEl a\u00f1o 2022, en t\u00e9rminos regionales, est\u00e1bamos invirtiendo $238 millones; entregando apoyo a 133 hogares de la regi\u00f3n y ejecutando los recursos en las comunas de Copiap\u00f3, Alto del Carmen y Cha\u00f1aral. Gracias a m\u00faltiples gestiones y priorizaciones, a la fecha, hemos incrementado los recursos en t\u00e9rminos regionales, a $1.154, entregando apoyo a 956 hogares e incorporado a las comunas de Caldera, Vallenar, Huasco y Tierra Amarilla\u201d, agreg\u00f3 la autoridad.<\/p>\n<p>&nbsp;<\/p>\n<p>En el mismo marco de Chile Cuida, destaca otro de sus pilares, que son los Centros Comunitario de Cuidados: \u201cHace unos meses atr\u00e1s, y tras m\u00faltiples articulaciones, logramos inaugurar, junto a la Ministra Javiera Toro, el primer Centro Comunitario de Cuidados, de la regi\u00f3n, particularmente en Freirina y hace pocos d\u00edas, con presencia de nuestra Subsecretaria de Servicio Sociales, inauguramos el segundo Centro Comunitario de Atacama, en Copiap\u00f3\u201d.<\/p>\n<p>&nbsp;<\/p>\n<p>\u201cSon dos centros comunitarios priorizados por nuestro Presidente Gabriel Boric y que tienen como principal objetivo, mejorar el bienestar de las personas cuidadoras, particularmente de aquella que ejercen dicho rol sin ning\u00fan tipo de remuneraci\u00f3n; a trav\u00e9s de talleres, contenci\u00f3n emocional, relevo de labores, capacitaciones, atenci\u00f3n de salud, por nombrar s\u00f3lo algunos ejemplos. Son espacios f\u00edsicos amplios y que, cuentan con m\u00faltiples salones, cocinas, ba\u00f1os, espacios recreativos y al aire libre, que, sin dudas, con las y los funcionarios p\u00fablicos, crear\u00e1n un entorno cercano y comunitario\u201d, precis\u00f3 Rivera Reynoso.<\/p>\n<p>&nbsp;<\/p>\n<p>Respecto de aquellas personas que se han registrado como cuidadoras en la regi\u00f3n, la Seremi asever\u00f3 que, \u201ceste ha sido un avance concreto, porque de decenas, avanzamos a miles. Durante los \u00faltimos dos a\u00f1os, realizamos un despliegue territorial y comunicacional, para que todas aquellas personas que<\/p>\n<p>ejercen cuidados, obtengan su credencial oficial de cuidadora y as\u00ed puedan acceder a m\u00faltiples beneficios que otorga el Estado de Chile. En Copiap\u00f3 ya son 1.852 personas registradas; en Caldera avanzamos a 346; en Tierra Amarilla son 346; en Cha\u00f1aral se increment\u00f3 a 266; en Diego de Almagro 142; en Vallenar logramos avanzar a 1.025; en Alto del Carmen 116; en Freirina 154; en Huasco 142, lo que da un total regional de 4.389\u201d.<\/p>\n<p>&nbsp;<\/p>\n<p>El Ministerio de Desarrollo Social y Familia de Atacama, durante el a\u00f1o 2025, logr\u00f3 articular con todas las casas edilicias, la instalaci\u00f3n de las \u201cOficinas Locales de Ni\u00f1ez\u201d, as\u00ed mismo, el Programa de \u201cGesti\u00f3n Social Local\u201d, por nombrar algunos ejemplos. \u201cQuiero agradecer y valorar p\u00fablicamente, el trabajo, rigurosidad y la gesti\u00f3n de todas y todos los funcionarios de la Secretar\u00eda Regional Ministerial. Son un equipo de profesionales y t\u00e9cnicos con gran esp\u00edritu de servicio p\u00fablico. As\u00ed mismo destacar las funciones de las Delegaciones Presidenciales y fundaciones, que han ejecutado de manera responsable los recursos disponibles y concretar, por ejemplo, el Sistema *Noche Digna* y sus respectivos planes y dispositivos\u201d.<\/p>\n","protected":false},"excerpt":{"rendered":"<p>\u00b7 La autoridad describi\u00f3 el incremento de recursos del Programa Red Local de Apoyos y Cuidados, la instalaci\u00f3n de Centros Comunitarios de Cuidados, la instalaci\u00f3n&hellip; <\/p>\n","protected":false},"author":7,"featured_media":99369,"comment_status":"closed","ping_status":"closed","sticky":false,"template":"","format":"standard","meta":{"footnotes":""},"categories":[7],"tags":[],"class_list":["post-99368","post","type-post","status-publish","format-standard","has-post-thumbnail","hentry","category-atacama"],"_links":{"self":[{"href":"https:\/\/www.radioamigavallenar.cl\/index.php?rest_route=\/wp\/v2\/posts\/99368","targetHints":{"allow":["GET"]}}],"collection":[{"href":"https:\/\/www.radioamigavallenar.cl\/index.php?rest_route=\/wp\/v2\/posts"}],"about":[{"href":"https:\/\/www.radioamigavallenar.cl\/index.php?rest_route=\/wp\/v2\/types\/post"}],"author":[{"embeddable":true,"href":"https:\/\/www.radioamigavallenar.cl\/index.php?rest_route=\/wp\/v2\/users\/7"}],"replies":[{"embeddable":true,"href":"https:\/\/www.radioamigavallenar.cl\/index.php?rest_route=%2Fwp%2Fv2%2Fcomments&post=99368"}],"version-history":[{"count":1,"href":"https:\/\/www.radioamigavallenar.cl\/index.php?rest_route=\/wp\/v2\/posts\/99368\/revisions"}],"predecessor-version":[{"id":99370,"href":"https:\/\/www.radioamigavallenar.cl\/index.php?rest_route=\/wp\/v2\/posts\/99368\/revisions\/99370"}],"wp:featuredmedia":[{"embeddable":true,"href":"https:\/\/www.radioamigavallenar.cl\/index.php?rest_route=\/wp\/v2\/media\/99369"}],"wp:attachment":[{"href":"https:\/\/www.radioamigavallenar.cl\/index.php?rest_route=%2Fwp%2Fv2%2Fmedia&parent=99368"}],"wp:term":[{"taxonomy":"category","embeddable":true,"href":"https:\/\/www.radioamigavallenar.cl\/index.php?rest_route=%2Fwp%2Fv2%2Fcategories&post=99368"},{"taxonomy":"post_tag","embeddable":true,"href":"https:\/\/www.radioamigavallenar.cl\/index.php?rest_route=%2Fwp%2Fv2%2Ftags&post=99368"}],"curies":[{"name":"wp","href":"https:\/\/api.w.org\/{rel}","templated":true}]}}