{"id":99365,"date":"2026-03-10T00:00:32","date_gmt":"2026-03-10T03:00:32","guid":{"rendered":"https:\/\/www.radioamigavallenar.cl\/?p=99365"},"modified":"2026-03-09T21:33:40","modified_gmt":"2026-03-10T00:33:40","slug":"seremi-tomas-garay-hemos-logrado-grandes-avances-en-acceso-a-la-justicia-y-el-resguardo-de-los-derechos-humanos","status":"publish","type":"post","link":"https:\/\/www.radioamigavallenar.cl\/?p=99365","title":{"rendered":"Seremi Tom\u00e1s Garay: \u201cHemos logrado grandes avances en acceso a la justicia y el resguardo de los derechos humanos\u201d"},"content":{"rendered":"<p>Como una agenda de trabajo contundente y que representa avances hist\u00f3ricos al garantizar mejoras en el acceso a la justicia y el resguardo de derechos fundamentales, defini\u00f3 el seremi de Justicia y Derechos Humanos de Atacama, Tom\u00e1s Garay P\u00e9rez, el quehacer ministerial durante el Gobierno del Presidente Gabriel Boric.<\/p>\n<p>En este sentido, la autoridad regional indic\u00f3 \u201cdurante estos cuatro a\u00f1os de gobierno hemos logrado grandes avances en acceso a la justicia y el resguardo de los derechos humanos, desarrollando diversas acciones para fortalecer los derechos de las personas y la seguridad p\u00fablica a trav\u00e9s de una intensa agenda legislativa que nos permite hoy contar con la Ley que crea el Servicio Nacional de Acceso a la Justicia y la Defensor\u00eda de V\u00edctimas de Delitos. Ello, viene a resguardar el derecho de las v\u00edctimas de delitos y garantizar su acceso a atenciones integrales que abarquen la representaci\u00f3n jur\u00eddica y psicosocial, saldando una deuda pendiente con la ciudadan\u00eda y para que nadie quede sin apoyo legal frente a vulneraciones o conflictos. A ello, se suma una serie de iniciativas destinadas a proteger y resguardar derechos de las infancias y adolescencias, y en lo relativo a los esfuerzos que hemos hecho para la erradicaci\u00f3n del abandono parental, los tribunales de familia han logrado el pago efectivo de 3 billones de pesos en pensiones de alimentos adeudadas por muchos a\u00f1os. Adem\u00e1s, en materias de seguridad p\u00fablica, contamos con la Ley 21.694 destinada a mejorar la persecuci\u00f3n penal en materia de reincidencia y delitos de mayor connotaci\u00f3n social; y la Ley 21.644, que modifica la carta fundamental para crear la Fiscal\u00eda Supraterritorial especializada en crimen organizado y delitos de alta complejidad, en el Ministerio P\u00fablico. Es decir, hemos dado un paso fundamental para el combate contra las organizaciones criminales, con la reforma institucional al Sistema de Justicia Penal m\u00e1s importante desde su instalaci\u00f3n en el pa\u00eds\u201d.<\/p>\n<p>El seremi destac\u00f3 que durante el a\u00f1o 2022 el Ministerio de Justicia y Derechos Humanos, a trav\u00e9s de la Corporaci\u00f3n de Asistencia Judicial, implement\u00f3 en la regi\u00f3n el Programa La Ni\u00f1ez y Adolescencia Se Defienden. A partir de esta nueva l\u00ednea de atenci\u00f3n se garantiza el acceso de ni\u00f1os, ni\u00f1as y adolescentes a defensa jur\u00eddica especializada. \u201cAdem\u00e1s inauguramos el Centro Jur\u00eddico Social de Freirina y el Centro Jur\u00eddico Social de Cha\u00f1aral, ampliando la cobertura en atenciones en materias de justicia de familia, protecci\u00f3n de las infancias y adolescencias, justicia laboral, entre otras que son prioritarias para la comunidad\u201d, a\u00f1adi\u00f3.<\/p>\n<p>\u201cEn materias de reinserci\u00f3n juvenil -dijo el seremi de Justicia y DD.HH- en los \u00faltimos dos a\u00f1os hemos implementado el Servicio Nacional de Reinserci\u00f3n Social Juvenil, cuyo prop\u00f3sito es ser la piedra angular de un nuevo Sistema de Justicia Penal Juvenil. El Servicio ya est\u00e1 operando desde enero de 2024 en Atacama donde concluimos importantes mejoras en infraestructura de los centros de justicia juvenil gracias a los aportes del Gobierno Regional de Atacama que entreg\u00f3 un financiamiento de casi mil doscientos millones de pesos. A nivel nacional desde enero hemos cumplido con la modernizaci\u00f3n de la institucionalidad en materia de reinserci\u00f3n social juvenil, poniendo t\u00e9rmino al SENAME y ofreciendo a los adolescentes y j\u00f3venes un nuevo<\/p>\n<p>modelo para la intervenci\u00f3n centrada en el desistimiento de la conducta delictiva y su efectiva reinserci\u00f3n\u201d, precis\u00f3 Tom\u00e1s Garay.<\/p>\n<p>El seremi relev\u00f3 la constante modernizaci\u00f3n del Servicio de Registro Civil e Identificaci\u00f3n, y la implementaci\u00f3n del nuevo sistema de identificaci\u00f3n, que es uno de los m\u00e1s seguros del mundo. Solo al 30 de junio de 2025 se hab\u00edan entregado m\u00e1s de 2 millones de nuevas c\u00e9dulas de identidad y pasaportes.<\/p>\n<p>Para continuar garantizando el acceso a la justicia, el seremi de Justicia y Derechos Humanos record\u00f3 que se inaugur\u00f3 la Oficina del Registro Civil e Identificaci\u00f3n en El Tr\u00e1nsito. Tambi\u00e9n se habilitaron espacios para la atenci\u00f3n de ni\u00f1os y ni\u00f1as en las oficinas de Copiap\u00f3, Cha\u00f1aral y Vallenar para avanzar en la transversalizaci\u00f3n del enfoque de g\u00e9nero y mejorar las condiciones de atenci\u00f3n a las personas que concurren al servicio a realizar tr\u00e1mites con sus hijos e hijas; y se adquiri\u00f3 material destinado a atender las necesidades de ni\u00f1os y ni\u00f1as neurodivergentes, gracias a iniciativas financiadas por el Ministerio de la Mujer y la Equidad de G\u00e9nero.<\/p>\n<p>A nivel regional el Servicio M\u00e9dico Legal, gracias a fondos del Gobierno Regional de Atacama modernizo equipamiento que le permiten mejorar las condiciones para la realizaci\u00f3n de diversos peritajes. \u201cA nivel nacional hace unos d\u00edas el Presidente Gabriel Boric junto a nuestro ministro Jaime Gajardo inauguraron el nuevo SML de Santiago. Quiero destacar que en materia de Derechos Humanos durante los dos \u00faltimos a\u00f1os el SML ha realizado un arduo proceso de digitalizaci\u00f3n para la identificaci\u00f3n de osamentas para establecer su eventual relaci\u00f3n con casos de v\u00edctimas de cr\u00edmenes de lesa humanidad\u201d, valor\u00f3 la autoridad.<\/p>\n<p>El seremi de Justicia y Derechos Humanos de Atacama destaca tambi\u00e9n los avances de la Defensor\u00eda Penal P\u00fablica en defensa especializada y justicia interseccional, resguardando y promoviendo el respeto de derechos con perspectiva de g\u00e9nero y disidencias sexo gen\u00e9ricas, con especial atenci\u00f3n de los requerimientos de los grupos m\u00e1s vulnerables como mujeres, personas en condici\u00f3n de discapacidad, entre otras con objeto de garantizar siempre los principios de igualdad y no discriminaci\u00f3n.<\/p>\n<p>En materias de derechos humanos, el seremi Tom\u00e1s Garay indic\u00f3 que se elabor\u00f3 e implement\u00f3 el Plan Nacional de B\u00fasqueda de Verdad y Justicia, que \u201cpuso a disposici\u00f3n de la ciudadan\u00eda por primera vez una n\u00f3mina consolidada de las 1.469 v\u00edctimas de desaparici\u00f3n forzada, junto con un mapa georreferenciado de la \u00faltima trayectoria conocida de las v\u00edctimas, en una p\u00e1gina web que da cuenta del trabajo realizado por el Programa de Derechos Humanos para dar cumplimiento a los compromisos del Plan\u201d, acot\u00f3.<\/p>\n<p>Durante el a\u00f1o 2025 aumentaron significativamente las diligencias en terreno, tanto extrajudiciales como judiciales. A la fecha, ya se han realizado 98 diligencias en terreno desde la creaci\u00f3n del Plan Nacional de B\u00fasqueda.<\/p>\n<p>\u201cAl concluir nuestro per\u00edodo contamos con la tercera versi\u00f3n de los Planes Nacionales de Derechos Humanos y Derechos Humanos y Empresas se puso en pr\u00e1ctica el Protocolo de Protecci\u00f3n a las Personas Defensoras de Derechos Humanos. Se desarroll\u00f3 y concluy\u00f3 el trabajo de la Mesa interinstitucional de trabajo sobre adopciones forzadas o irregulares. Asimismo, se implement\u00f3 en nuestra regi\u00f3n y el pa\u00eds, la Comisi\u00f3n Asesora Presidencial para el Esclarecimiento de la Verdad sobre Violaciones a los Derechos Humanos de Ni\u00f1os, Ni\u00f1as y<\/p>\n<p>adolescentes bajo custodia del Sename o en Cuidados Alternativos Privados\u201d, precis\u00f3 la autoridad.<\/p>\n<p style=\"text-align: center;\"><strong>SEGURIDAD PENITENCIARIA<\/strong><\/p>\n<p>Sobre el sistema penitenciario, el seremi de Justicia y Derechos Humanos, Tom\u00e1s Garay enfatiz\u00f3 que \u201chasta el \u00faltimo d\u00eda de nuestra administraci\u00f3n seguiremos abordando esta tem\u00e1tica, ya que la modernizaci\u00f3n del sistema ha sido una constante preocupaci\u00f3n, hoy avanza la reforma legislativa de Gendarmer\u00eda de Chile y tambi\u00e9n hemos dado respuesta a las m\u00faltiples necesidades del sistema penitenciario con diversas medidas, que incluye el uso de elementos tecnol\u00f3gicos para la vigilancia y el control de los establecimientos y haciendo m\u00e1s r\u00edgido el sistema para quienes est\u00e1n vinculados o han estado vinculados al crimen organizado; as\u00ed como en materia de infraestructura, donde se construyeron m\u00f3dulos especiales a lo largo del pa\u00eds, para aislar a quienes est\u00e1n calificados como de mayor peligrosidad\u201d.<\/p>\n<p>Finalmente, Tom\u00e1s Garay destac\u00f3 la implementaci\u00f3n del Plan Maestro de Infraestructura Penitenciaria que contempla 6 proyectos que ya se han terminados; 18 proyectos en ejecuci\u00f3n; y otras iniciativas que tambi\u00e9n se encuentran en distinto nivel de avance para contar con financiamiento. \u201cEn definitiva, se encuentran ya realizados o en desarrollo proyectos que implica poner al servicio de la comunidad 15.011 plazas, los que se encuentran financiados, con una inversi\u00f3n estimada en 1 bill\u00f3n 200 mil millones de pesos. Entre estos proyectos se encuentra la Construcci\u00f3n del Complejo Penitenciario El Arenal, para 2.160 personas, incluyendo hombres, mujeres y m\u00f3dulos de alta y m\u00e1xima seguridad, infraestructura moderna que estar\u00e1 operativa en los pr\u00f3ximos a\u00f1os y que vendr\u00e1 a resolver el d\u00e9ficit que tiene Atacama en infraestructura penitenciaria\u201d, valor\u00f3 el seremi de Justicia y Derechos Humanos.<\/p>\n","protected":false},"excerpt":{"rendered":"<p>Como una agenda de trabajo contundente y que representa avances hist\u00f3ricos al garantizar mejoras en el acceso a la justicia y el resguardo de derechos&hellip; <\/p>\n","protected":false},"author":7,"featured_media":99366,"comment_status":"closed","ping_status":"closed","sticky":false,"template":"","format":"standard","meta":{"footnotes":""},"categories":[38],"tags":[],"class_list":["post-99365","post","type-post","status-publish","format-standard","has-post-thumbnail","hentry","category-portada-regional"],"_links":{"self":[{"href":"https:\/\/www.radioamigavallenar.cl\/index.php?rest_route=\/wp\/v2\/posts\/99365","targetHints":{"allow":["GET"]}}],"collection":[{"href":"https:\/\/www.radioamigavallenar.cl\/index.php?rest_route=\/wp\/v2\/posts"}],"about":[{"href":"https:\/\/www.radioamigavallenar.cl\/index.php?rest_route=\/wp\/v2\/types\/post"}],"author":[{"embeddable":true,"href":"https:\/\/www.radioamigavallenar.cl\/index.php?rest_route=\/wp\/v2\/users\/7"}],"replies":[{"embeddable":true,"href":"https:\/\/www.radioamigavallenar.cl\/index.php?rest_route=%2Fwp%2Fv2%2Fcomments&post=99365"}],"version-history":[{"count":1,"href":"https:\/\/www.radioamigavallenar.cl\/index.php?rest_route=\/wp\/v2\/posts\/99365\/revisions"}],"predecessor-version":[{"id":99367,"href":"https:\/\/www.radioamigavallenar.cl\/index.php?rest_route=\/wp\/v2\/posts\/99365\/revisions\/99367"}],"wp:featuredmedia":[{"embeddable":true,"href":"https:\/\/www.radioamigavallenar.cl\/index.php?rest_route=\/wp\/v2\/media\/99366"}],"wp:attachment":[{"href":"https:\/\/www.radioamigavallenar.cl\/index.php?rest_route=%2Fwp%2Fv2%2Fmedia&parent=99365"}],"wp:term":[{"taxonomy":"category","embeddable":true,"href":"https:\/\/www.radioamigavallenar.cl\/index.php?rest_route=%2Fwp%2Fv2%2Fcategories&post=99365"},{"taxonomy":"post_tag","embeddable":true,"href":"https:\/\/www.radioamigavallenar.cl\/index.php?rest_route=%2Fwp%2Fv2%2Ftags&post=99365"}],"curies":[{"name":"wp","href":"https:\/\/api.w.org\/{rel}","templated":true}]}}