{"id":99361,"date":"2026-03-10T00:00:22","date_gmt":"2026-03-10T03:00:22","guid":{"rendered":"https:\/\/www.radioamigavallenar.cl\/?p=99361"},"modified":"2026-03-09T21:32:23","modified_gmt":"2026-03-10T00:32:23","slug":"indh-de-atacama-aborda-brechas-en-el-acceso-a-la-justicia-de-mujeres-en-situacion-de-discapacidad","status":"publish","type":"post","link":"https:\/\/www.radioamigavallenar.cl\/?p=99361","title":{"rendered":"INDH de Atacama aborda brechas en el acceso a la justicia de mujeres en situaci\u00f3n de discapacidad"},"content":{"rendered":"<p><strong data-olk-copy-source=\"MessageBody\">Los insumos y experiencias recogidas durante esta jornada contribuir\u00e1n a la preparaci\u00f3n de un pr\u00f3ximo encuentro regional sobre acceso a la justicia, con el objetivo de avanzar en propuestas que permitan fortalecer la respuesta institucional frente a las brechas.<\/strong><\/p>\n<p aria-hidden=\"true\">\n<p>La sede de Atacama del Instituto Nacional de Derechos Humanos (INDH) en Atacama realiz\u00f3 este 5 de marzo una jornada de di\u00e1logo y reflexi\u00f3n centrada en las brechas que enfrentan las mujeres en situaci\u00f3n de discapacidad para acceder a sus derechos, particularmente al sistema de justicia en la regi\u00f3n.<\/p>\n<p>La jefa regional, Marcia Quezada, destac\u00f3 que esta conmemoraci\u00f3n permite \u201ccelebrar avances, recordar a los movimientos e hitos vinculados al ejercicio de los derechos de las mujeres, pero tambi\u00e9n instar al Estado a ampliar sus pol\u00edticas con perspectiva de g\u00e9nero. Reconocemos los avances, la diversidad y el reconocimiento a nuestros derechos, pero tambi\u00e9n decimos que queda a\u00fan mucho por avanzar y que este camino debe ser recorrido con todas\u201d, afirm\u00f3.<\/p>\n<p>Esta actividad fue guiada por la jefa regional junto al equipo de Promoci\u00f3n de la sede y reuni\u00f3 a profesionales de distintas instituciones, con el prop\u00f3sito de analizar casos concretos y compartir experiencias sobre las dificultades que enfrentan las mujeres en su relaci\u00f3n con los servicios p\u00fablicos.<\/p>\n<p>Las y los participantes revisaron situaciones que evidencian barreras de acceso vinculadas a factores territoriales, sociales y culturales. Se destac\u00f3 la importancia de comprender la interacci\u00f3n entre g\u00e9nero, discapacidad y contexto socioecon\u00f3mico, elementos que influyen directamente en las posibilidades reales de acceder a la justicia.<\/p>\n<p>Entre los principales desaf\u00edos identificados se mencionaron la distancia geogr\u00e1fica entre servicios, la baja disponibilidad de informaci\u00f3n accesible y las dificultades de articulaci\u00f3n entre instituciones en contextos territoriales diversos.<\/p>\n<p>Adem\u00e1s, se compartieron experiencias y buenas pr\u00e1cticas institucionales orientadas a mejorar la respuesta p\u00fablica, destacando estrategias como la derivaci\u00f3n asistida de casos y la coordinaci\u00f3n permanente entre servicios.<\/p>\n<p>Desde el INDH Atacama se explic\u00f3 que los insumos recogidos durante esta jornada contribuir\u00e1n a la preparaci\u00f3n de un pr\u00f3ximo encuentro regional sobre acceso a la justicia, con el objetivo de avanzar en propuestas que permitan fortalecer la respuesta institucional frente a las brechas que enfrentan las mujeres en situaci\u00f3n de discapacidad.<\/p>\n","protected":false},"excerpt":{"rendered":"<p>Los insumos y experiencias recogidas durante esta jornada contribuir\u00e1n a la preparaci\u00f3n de un pr\u00f3ximo encuentro regional sobre acceso a la justicia, con el objetivo&hellip; <\/p>\n","protected":false},"author":7,"featured_media":99362,"comment_status":"closed","ping_status":"closed","sticky":false,"template":"","format":"standard","meta":{"footnotes":""},"categories":[38],"tags":[],"class_list":["post-99361","post","type-post","status-publish","format-standard","has-post-thumbnail","hentry","category-portada-regional"],"_links":{"self":[{"href":"https:\/\/www.radioamigavallenar.cl\/index.php?rest_route=\/wp\/v2\/posts\/99361","targetHints":{"allow":["GET"]}}],"collection":[{"href":"https:\/\/www.radioamigavallenar.cl\/index.php?rest_route=\/wp\/v2\/posts"}],"about":[{"href":"https:\/\/www.radioamigavallenar.cl\/index.php?rest_route=\/wp\/v2\/types\/post"}],"author":[{"embeddable":true,"href":"https:\/\/www.radioamigavallenar.cl\/index.php?rest_route=\/wp\/v2\/users\/7"}],"replies":[{"embeddable":true,"href":"https:\/\/www.radioamigavallenar.cl\/index.php?rest_route=%2Fwp%2Fv2%2Fcomments&post=99361"}],"version-history":[{"count":2,"href":"https:\/\/www.radioamigavallenar.cl\/index.php?rest_route=\/wp\/v2\/posts\/99361\/revisions"}],"predecessor-version":[{"id":99364,"href":"https:\/\/www.radioamigavallenar.cl\/index.php?rest_route=\/wp\/v2\/posts\/99361\/revisions\/99364"}],"wp:featuredmedia":[{"embeddable":true,"href":"https:\/\/www.radioamigavallenar.cl\/index.php?rest_route=\/wp\/v2\/media\/99362"}],"wp:attachment":[{"href":"https:\/\/www.radioamigavallenar.cl\/index.php?rest_route=%2Fwp%2Fv2%2Fmedia&parent=99361"}],"wp:term":[{"taxonomy":"category","embeddable":true,"href":"https:\/\/www.radioamigavallenar.cl\/index.php?rest_route=%2Fwp%2Fv2%2Fcategories&post=99361"},{"taxonomy":"post_tag","embeddable":true,"href":"https:\/\/www.radioamigavallenar.cl\/index.php?rest_route=%2Fwp%2Fv2%2Ftags&post=99361"}],"curies":[{"name":"wp","href":"https:\/\/api.w.org\/{rel}","templated":true}]}}