{"id":99357,"date":"2026-03-09T11:49:14","date_gmt":"2026-03-09T14:49:14","guid":{"rendered":"https:\/\/www.radioamigavallenar.cl\/?p=99357"},"modified":"2026-03-09T11:49:14","modified_gmt":"2026-03-09T14:49:14","slug":"cadem-boric-promedio-29-de-aprobacion-y-termina-con-nota-37","status":"publish","type":"post","link":"https:\/\/www.radioamigavallenar.cl\/?p=99357","title":{"rendered":"Cadem: Boric promedi\u00f3 29% de aprobaci\u00f3n y termina con nota 3,7"},"content":{"rendered":"<p>La nueva edici\u00f3n de\u00a0<strong>Plaza P\u00fablica de Cadem<\/strong>\u00a0revel\u00f3 que el<strong>\u00a0Presidente Gabriel Boric<\/strong>\u00a0termina su mandato con\u00a0<strong>una nota promedio de 3,7 y con s\u00f3lo un 29% de evaluaci\u00f3n positiva<\/strong>, quedando como el peor valorado desde 1990.<\/p>\n<p>Un 46% de los encuestados\u00a0<strong>le puso una nota entre 1 y 3 a la actual Administraci\u00f3n, el 13% nota 4, el 18% nota 5, y el 22% nota 6 y 7.<\/strong><\/p>\n<p>En tanto, la\u00a0<strong>aprobaci\u00f3n del Mandatario en la primera semana de marzo fue del 37%,<\/strong>\u00a0un punto menos que la medici\u00f3n anterior, y un\u00a0<strong>58% lo desaprob\u00f3<\/strong>.<\/p>\n<p>En cuanto a la actual Administraci\u00f3n, las \u00e1reas mejor evaluadas fueron\u00a0<strong>Transporte (53%), Medio Ambiente (50%) y Desarrollo Energ\u00e9tico (44%<\/strong>); mientras, las\u00a0<strong>peores evaluadas son Inmigraci\u00f3n (24%), lucha contra la delincuencia y narcotr\u00e1fico (25%) y lucha contra la corrupci\u00f3n (26%<\/strong>).<\/p>\n<p>Un<strong>\u00a053% de los encuestados considera que el Gobierno de Gabriel Boric es el peor desde el retorno de la democracia<\/strong>; en tanto, un 68% de los encuestados cree que el primer gobierno de Sebasti\u00e1n Pi\u00f1era es el mejor del periodo, seguido por su segunda administraci\u00f3n (53%) y el primero de Michelle Bachelet (52%).<\/p>\n<p>Los resultados de Cadem se encuentran en la misma l\u00ednea de Criteria, que apunt\u00f3 que el\u00a0Gobierno de Boric cerr\u00f3 con una aprobaci\u00f3n del 34% y obtuvo un promedio de 3,4.<\/p>\n<h2 style=\"text-align: center;\"><strong>Nuevo Gobierno: 52% cree que a Chile le ir\u00e1 bien<\/strong><\/h2>\n<p>Por otro lado, tambi\u00e9n se analiz\u00f3 el futuro Gobierno de Jos\u00e9 Antonio Kast, donde un\u00a0<strong>52% cree que a Chile le ir\u00e1 bien con la futura Administraci\u00f3n<\/strong>, mientras que el\u00a0<strong>25% (un punto m\u00e1s desde la \u00faltima encuesta) opina que le ir\u00e1 mal y otro 21% se\u00f1ala que ser\u00e1 regular.<\/strong><\/p>\n<p>El\u00a0<strong>81% supo sobre el reciente viaje del Presidente electo a Estados Unidos y un 59% lo evalu\u00f3 bien<\/strong>, siete puntos menores que la gira por Europa (66%) y menos ocho que su viaje a Centroam\u00e9rica y El Caribe (67%).<\/p>\n<p>La reuni\u00f3n con el presidente de El Salvador,\u00a0<strong>Nayib Bukele<\/strong>, es considerada la m\u00e1s importante de todas sus giras al extranjero con un 33%;<strong>\u00a0le sigue el encuentro con Donald Trump (31%) y con Lula da Silva (11%).<\/strong><\/p>\n<p>En cuanto al proyecto para\u00a0conmutar penas, el 87% supo o escuch\u00f3 que el Senado aprob\u00f3 el proyecto. Un 56% est\u00e1 en desacuerdo cuando se trata de personas mayores con enfermedades graves o terminales; un 76% si son hombres mayores de 70 y mujeres mayores de 65 a\u00f1os; 77% si beneficia a condenados por violaciones a los derechos humanos que con criterios de edad y\/o enfermedades, y un 92% si son condenados por violaci\u00f3n o asesinatos.<\/p>\n","protected":false},"excerpt":{"rendered":"<p>La nueva edici\u00f3n de\u00a0Plaza P\u00fablica de Cadem\u00a0revel\u00f3 que el\u00a0Presidente Gabriel Boric\u00a0termina su mandato con\u00a0una nota promedio de 3,7 y con s\u00f3lo un 29% de evaluaci\u00f3n&hellip; <\/p>\n","protected":false},"author":7,"featured_media":99358,"comment_status":"closed","ping_status":"closed","sticky":false,"template":"","format":"standard","meta":{"footnotes":""},"categories":[37],"tags":[],"class_list":["post-99357","post","type-post","status-publish","format-standard","has-post-thumbnail","hentry","category-nacional"],"_links":{"self":[{"href":"https:\/\/www.radioamigavallenar.cl\/index.php?rest_route=\/wp\/v2\/posts\/99357","targetHints":{"allow":["GET"]}}],"collection":[{"href":"https:\/\/www.radioamigavallenar.cl\/index.php?rest_route=\/wp\/v2\/posts"}],"about":[{"href":"https:\/\/www.radioamigavallenar.cl\/index.php?rest_route=\/wp\/v2\/types\/post"}],"author":[{"embeddable":true,"href":"https:\/\/www.radioamigavallenar.cl\/index.php?rest_route=\/wp\/v2\/users\/7"}],"replies":[{"embeddable":true,"href":"https:\/\/www.radioamigavallenar.cl\/index.php?rest_route=%2Fwp%2Fv2%2Fcomments&post=99357"}],"version-history":[{"count":1,"href":"https:\/\/www.radioamigavallenar.cl\/index.php?rest_route=\/wp\/v2\/posts\/99357\/revisions"}],"predecessor-version":[{"id":99359,"href":"https:\/\/www.radioamigavallenar.cl\/index.php?rest_route=\/wp\/v2\/posts\/99357\/revisions\/99359"}],"wp:featuredmedia":[{"embeddable":true,"href":"https:\/\/www.radioamigavallenar.cl\/index.php?rest_route=\/wp\/v2\/media\/99358"}],"wp:attachment":[{"href":"https:\/\/www.radioamigavallenar.cl\/index.php?rest_route=%2Fwp%2Fv2%2Fmedia&parent=99357"}],"wp:term":[{"taxonomy":"category","embeddable":true,"href":"https:\/\/www.radioamigavallenar.cl\/index.php?rest_route=%2Fwp%2Fv2%2Fcategories&post=99357"},{"taxonomy":"post_tag","embeddable":true,"href":"https:\/\/www.radioamigavallenar.cl\/index.php?rest_route=%2Fwp%2Fv2%2Ftags&post=99357"}],"curies":[{"name":"wp","href":"https:\/\/api.w.org\/{rel}","templated":true}]}}