{"id":99354,"date":"2026-03-09T11:30:39","date_gmt":"2026-03-09T14:30:39","guid":{"rendered":"https:\/\/www.radioamigavallenar.cl\/?p=99354"},"modified":"2026-03-09T11:46:53","modified_gmt":"2026-03-09T14:46:53","slug":"gobierno-se-rinde-con-la-ley-uber-posterga-reglamento-y-deja-implementacion-a-proximas-autoridades","status":"publish","type":"post","link":"https:\/\/www.radioamigavallenar.cl\/?p=99354","title":{"rendered":"Gobierno se rinde con la Ley Uber: posterga reglamento y deja implementaci\u00f3n a pr\u00f3ximas autoridades"},"content":{"rendered":"<p><strong>La Ley Uber<\/strong>\u00a0ha sido la mayor piedra en el zapato del Ministerio de Transportes y Telecomunicaciones (MTT) -al menos hasta que se destap\u00f3 el caso del \u201ccable chino\u201d-.<\/p>\n<p>Por un lado,\u00a0<strong>el reglamento<\/strong>\u00a0fue reingresado varias veces a la Contralor\u00eda debido a ajustes en su contenido, y a pesar de tener el visto bueno de la instituci\u00f3n, a\u00fan no se publica.<\/p>\n<p>A su vez, el Ejecutivo impuls\u00f3 licitaciones y acuerdos para la creaci\u00f3n de una\u00a0<strong>plataforma que re\u00fana datos de los conductores<\/strong> y as\u00ed ejecutar en su totalidad la ley.<\/p>\n<p>Ahora, la cartera confirm\u00f3 mediante un comunicado que para dar \u201cmayor certeza a los pasajeros, conductores y las propias empresas de aplicaciones de transporte\u201d, es que decidieron \u201cpostergar la publicaci\u00f3n del reglamento que regular\u00e1 a las Empresas de Aplicaciones de Transporte y que fue tomado de raz\u00f3n por la Contralor\u00eda General de la Rep\u00fablica durante 2025\u201d.<\/p>\n<p><span class=\"destacador destacado\">\u201cLa determinaci\u00f3n permitir\u00e1 que\u00a0<strong>las futuras autoridades de la cartera concluyan el proceso de implementaci\u00f3n<\/strong>\u00a0aplicando previamente las modificaciones que consideren pertinentes\u201d,<\/span>\u00a0agreg\u00f3 el texto del Ministerio, donde aseguraron que la decisi\u00f3n no detiene los otros avances de la Ley Uber, incluyendo una plataforma ya finalizada y otra en desarrollo -esta \u00faltima siendo en la que se han realizado varios acuerdos fallidos-.<\/p>\n<h2 style=\"text-align: center;\">Gobierno deja la posta de la Ley Uber a la administraci\u00f3n Kast<\/h2>\n<p>Sobre ese punto, a inicios de febrero el MTT logr\u00f3 adjudicar el desarrollo del registro de EAT a la Consultor\u00eda y Desarrollo de Software Arkhotech SpA, siendo este el \u00faltimo de diversos intentos por poner en marcha el sistema.<\/p>\n<p>Previamente, hubos dos intentos de licitaci\u00f3n por Mercado P\u00fablico donde finalmente se hizo un trato directo en agosto de 2024 que luego se dio por cerrado. En el caso de Arkotech, la firma tiene un plazo de ejecuci\u00f3n del servicio en 18 meses.<\/p>\n<p>Finalmente,\u00a0<strong>la propia empresa Uber se ha mostrado cr\u00edtica con una publicaci\u00f3n del reglamento<\/strong>\u00a0antes de que las plataformas est\u00e9n todas listas, incluso cuestionando que se pondr\u00eda en riego los ingresos de m\u00e1s de 250 mil conductores.<\/p>\n<p>\u201cEs una irresponsabilidad tratar de hacer en tres semanas lo que no se hizo en tres a\u00f1os. La entrada en vigencia de la Ley EAT sin una plataforma desarrollada es t\u00e9cnicamente inviable y puede dejar a miles de conductores sin un mecanismo claro de registro, impactando hasta en un 1,8% del empleo nacional\u201d, dijo el gerente general de Uber en Chile, Federico Prada, a fines de febrero.<\/p>\n","protected":false},"excerpt":{"rendered":"<p>La Ley Uber\u00a0ha sido la mayor piedra en el zapato del Ministerio de Transportes y Telecomunicaciones (MTT) -al menos hasta que se destap\u00f3 el caso&hellip; <\/p>\n","protected":false},"author":7,"featured_media":99355,"comment_status":"closed","ping_status":"closed","sticky":false,"template":"","format":"standard","meta":{"footnotes":""},"categories":[37],"tags":[],"class_list":["post-99354","post","type-post","status-publish","format-standard","has-post-thumbnail","hentry","category-nacional"],"_links":{"self":[{"href":"https:\/\/www.radioamigavallenar.cl\/index.php?rest_route=\/wp\/v2\/posts\/99354","targetHints":{"allow":["GET"]}}],"collection":[{"href":"https:\/\/www.radioamigavallenar.cl\/index.php?rest_route=\/wp\/v2\/posts"}],"about":[{"href":"https:\/\/www.radioamigavallenar.cl\/index.php?rest_route=\/wp\/v2\/types\/post"}],"author":[{"embeddable":true,"href":"https:\/\/www.radioamigavallenar.cl\/index.php?rest_route=\/wp\/v2\/users\/7"}],"replies":[{"embeddable":true,"href":"https:\/\/www.radioamigavallenar.cl\/index.php?rest_route=%2Fwp%2Fv2%2Fcomments&post=99354"}],"version-history":[{"count":1,"href":"https:\/\/www.radioamigavallenar.cl\/index.php?rest_route=\/wp\/v2\/posts\/99354\/revisions"}],"predecessor-version":[{"id":99356,"href":"https:\/\/www.radioamigavallenar.cl\/index.php?rest_route=\/wp\/v2\/posts\/99354\/revisions\/99356"}],"wp:featuredmedia":[{"embeddable":true,"href":"https:\/\/www.radioamigavallenar.cl\/index.php?rest_route=\/wp\/v2\/media\/99355"}],"wp:attachment":[{"href":"https:\/\/www.radioamigavallenar.cl\/index.php?rest_route=%2Fwp%2Fv2%2Fmedia&parent=99354"}],"wp:term":[{"taxonomy":"category","embeddable":true,"href":"https:\/\/www.radioamigavallenar.cl\/index.php?rest_route=%2Fwp%2Fv2%2Fcategories&post=99354"},{"taxonomy":"post_tag","embeddable":true,"href":"https:\/\/www.radioamigavallenar.cl\/index.php?rest_route=%2Fwp%2Fv2%2Ftags&post=99354"}],"curies":[{"name":"wp","href":"https:\/\/api.w.org\/{rel}","templated":true}]}}