{"id":99351,"date":"2026-03-09T11:45:37","date_gmt":"2026-03-09T14:45:37","guid":{"rendered":"https:\/\/www.radioamigavallenar.cl\/?p=99351"},"modified":"2026-03-09T11:45:37","modified_gmt":"2026-03-09T14:45:37","slug":"boric-aclara-dichos-sobre-recuperar-la-fech-y-asegura-que-no-esta-llamando-a-protestar-contra-kast","status":"publish","type":"post","link":"https:\/\/www.radioamigavallenar.cl\/?p=99351","title":{"rendered":"Boric aclara dichos sobre recuperar la FECh y asegura que no est\u00e1 llamando a protestar contra Kast"},"content":{"rendered":"<p>Este lunes, el presidente Gabriel Boric se refiri\u00f3 a los dichos que emiti\u00f3 el pasado viernes, cuando llam\u00f3 a los estudiantes a\u00a0<strong>\u201crecuperar la FECh<\/strong>\u201d y a estar presentes en el debate p\u00fablico.<\/p>\n<p>Tras su llamado a reorganizarse y recuperar la Federaci\u00f3n de Estudiantes de la Universidad de Chile (FECh), que gener\u00f3 comentarios desde distintos sectores, el mandatario aclar\u00f3 este lunes que\u00a0<span class=\"destacador destacado\">\u201cno se trata de que yo est\u00e9 llamando a protestas contra el pr\u00f3ximo gobierno\u201d.<\/span><\/p>\n<p>\u201cEstoy llamando a que siempre, en cualquier gobierno, incluido en este, en los que vengan, siempre hay que tener organizaci\u00f3n social\u201d, se\u00f1al\u00f3.<\/p>\n<p>En esa l\u00ednea, invit\u00f3 nuevamente a los estudiantes a mantenerse organizados. \u201cEsa es la forma en que hemos gobernado. No es reprimiendo, no es cooptando, sino es dialogando con las organizaciones sociales\u201d, dijo.<\/p>\n<p>\u201cYo estoy convencido de que una de las caracter\u00edsticas de nuestro gobierno y de la gobernabilidad que hemos ofrecido a Chile durante estos cuatro a\u00f1os\u00a0<strong>es producto del di\u00e1logo social\u201d,<\/strong>\u00a0culmin\u00f3.<\/p>\n<p>Recordemos que estos mensajes se dan a pocos d\u00edas de abandonar el sill\u00f3n presidencial y en medio de cr\u00edticas desde sectores opositores, que han cuestionado la casi nula presencia de agrupaciones estudiantiles en las calles durante su mandato.<\/p>\n","protected":false},"excerpt":{"rendered":"<p>Este lunes, el presidente Gabriel Boric se refiri\u00f3 a los dichos que emiti\u00f3 el pasado viernes, cuando llam\u00f3 a los estudiantes a\u00a0\u201crecuperar la FECh\u201d y&hellip; <\/p>\n","protected":false},"author":7,"featured_media":99352,"comment_status":"closed","ping_status":"closed","sticky":false,"template":"","format":"standard","meta":{"footnotes":""},"categories":[37],"tags":[],"class_list":["post-99351","post","type-post","status-publish","format-standard","has-post-thumbnail","hentry","category-nacional"],"_links":{"self":[{"href":"https:\/\/www.radioamigavallenar.cl\/index.php?rest_route=\/wp\/v2\/posts\/99351","targetHints":{"allow":["GET"]}}],"collection":[{"href":"https:\/\/www.radioamigavallenar.cl\/index.php?rest_route=\/wp\/v2\/posts"}],"about":[{"href":"https:\/\/www.radioamigavallenar.cl\/index.php?rest_route=\/wp\/v2\/types\/post"}],"author":[{"embeddable":true,"href":"https:\/\/www.radioamigavallenar.cl\/index.php?rest_route=\/wp\/v2\/users\/7"}],"replies":[{"embeddable":true,"href":"https:\/\/www.radioamigavallenar.cl\/index.php?rest_route=%2Fwp%2Fv2%2Fcomments&post=99351"}],"version-history":[{"count":1,"href":"https:\/\/www.radioamigavallenar.cl\/index.php?rest_route=\/wp\/v2\/posts\/99351\/revisions"}],"predecessor-version":[{"id":99353,"href":"https:\/\/www.radioamigavallenar.cl\/index.php?rest_route=\/wp\/v2\/posts\/99351\/revisions\/99353"}],"wp:featuredmedia":[{"embeddable":true,"href":"https:\/\/www.radioamigavallenar.cl\/index.php?rest_route=\/wp\/v2\/media\/99352"}],"wp:attachment":[{"href":"https:\/\/www.radioamigavallenar.cl\/index.php?rest_route=%2Fwp%2Fv2%2Fmedia&parent=99351"}],"wp:term":[{"taxonomy":"category","embeddable":true,"href":"https:\/\/www.radioamigavallenar.cl\/index.php?rest_route=%2Fwp%2Fv2%2Fcategories&post=99351"},{"taxonomy":"post_tag","embeddable":true,"href":"https:\/\/www.radioamigavallenar.cl\/index.php?rest_route=%2Fwp%2Fv2%2Ftags&post=99351"}],"curies":[{"name":"wp","href":"https:\/\/api.w.org\/{rel}","templated":true}]}}