{"id":99347,"date":"2026-03-09T10:54:15","date_gmt":"2026-03-09T13:54:15","guid":{"rendered":"https:\/\/www.radioamigavallenar.cl\/?p=99347"},"modified":"2026-03-09T10:54:15","modified_gmt":"2026-03-09T13:54:15","slug":"realizaran-mejoras-al-estadio-de-huasco-bajo","status":"publish","type":"post","link":"https:\/\/www.radioamigavallenar.cl\/?p=99347","title":{"rendered":"Realizar\u00e1n mejoras al estadio de Huasco Bajo"},"content":{"rendered":"<p>Con el objetivo de fortalecer la pr\u00e1ctica deportiva y mejorar las condiciones para quienes asisten a actividades futbol\u00edsticas, se proyecta una importante intervenci\u00f3n en el estadio de Huasco Bajo, iniciativa financiada por la Subsecretar\u00eda de Desarrollo Regional y Administrativo (Subdere), con una inversi\u00f3n aproximada de $168 millones de pesos y desarrollada por la oficina de Secpla.<\/p>\n<p>El proyecto contempla la construcci\u00f3n de grader\u00edas prefabricadas de hormig\u00f3n, la instalaci\u00f3n de un cierre perimetral para mayor seguridad entre jugadores y espectadores, la habilitaci\u00f3n de v\u00edas de acceso para veh\u00edculos de emergencia y mejoras en las \u00e1reas de circulaci\u00f3n dentro del recinto. Adem\u00e1s, se considera una caseta de control para los jugadores y la adecuaci\u00f3n de los accesos a la cancha.<\/p>\n<p>Durante la visita al recinto participaron el jefe de la Unidad Regional Subdere Atacama, Juan Jos\u00e9 Moreno; el alcalde Genaro Brice\u00f1o Tapia; el encargado de la Oficina de Deportes, Oriel Castellano; el arquitecto de Secpla, N\u00e9stor Luna; junto a los concejales Mar\u00eda Elizalde, Rafael Campos y Jairo Madrid.<\/p>\n<p>Esta iniciativa busca mejorar la seguridad y las condiciones para el desarrollo del deporte, beneficiando a las escuelas de f\u00fatbol, vecinos de Huasco Bajo y a toda la comunidad deportiva de la comuna.<\/p>\n<p>&nbsp;<\/p>\n","protected":false},"excerpt":{"rendered":"<p>Con el objetivo de fortalecer la pr\u00e1ctica deportiva y mejorar las condiciones para quienes asisten a actividades futbol\u00edsticas, se proyecta una importante intervenci\u00f3n en el&hellip; <\/p>\n","protected":false},"author":7,"featured_media":99348,"comment_status":"closed","ping_status":"closed","sticky":false,"template":"","format":"standard","meta":{"footnotes":""},"categories":[38],"tags":[],"class_list":["post-99347","post","type-post","status-publish","format-standard","has-post-thumbnail","hentry","category-portada-regional"],"_links":{"self":[{"href":"https:\/\/www.radioamigavallenar.cl\/index.php?rest_route=\/wp\/v2\/posts\/99347","targetHints":{"allow":["GET"]}}],"collection":[{"href":"https:\/\/www.radioamigavallenar.cl\/index.php?rest_route=\/wp\/v2\/posts"}],"about":[{"href":"https:\/\/www.radioamigavallenar.cl\/index.php?rest_route=\/wp\/v2\/types\/post"}],"author":[{"embeddable":true,"href":"https:\/\/www.radioamigavallenar.cl\/index.php?rest_route=\/wp\/v2\/users\/7"}],"replies":[{"embeddable":true,"href":"https:\/\/www.radioamigavallenar.cl\/index.php?rest_route=%2Fwp%2Fv2%2Fcomments&post=99347"}],"version-history":[{"count":1,"href":"https:\/\/www.radioamigavallenar.cl\/index.php?rest_route=\/wp\/v2\/posts\/99347\/revisions"}],"predecessor-version":[{"id":99349,"href":"https:\/\/www.radioamigavallenar.cl\/index.php?rest_route=\/wp\/v2\/posts\/99347\/revisions\/99349"}],"wp:featuredmedia":[{"embeddable":true,"href":"https:\/\/www.radioamigavallenar.cl\/index.php?rest_route=\/wp\/v2\/media\/99348"}],"wp:attachment":[{"href":"https:\/\/www.radioamigavallenar.cl\/index.php?rest_route=%2Fwp%2Fv2%2Fmedia&parent=99347"}],"wp:term":[{"taxonomy":"category","embeddable":true,"href":"https:\/\/www.radioamigavallenar.cl\/index.php?rest_route=%2Fwp%2Fv2%2Fcategories&post=99347"},{"taxonomy":"post_tag","embeddable":true,"href":"https:\/\/www.radioamigavallenar.cl\/index.php?rest_route=%2Fwp%2Fv2%2Ftags&post=99347"}],"curies":[{"name":"wp","href":"https:\/\/api.w.org\/{rel}","templated":true}]}}