{"id":99327,"date":"2026-03-09T10:26:08","date_gmt":"2026-03-09T13:26:08","guid":{"rendered":"https:\/\/www.radioamigavallenar.cl\/?p=99327"},"modified":"2026-03-09T10:51:01","modified_gmt":"2026-03-09T13:51:01","slug":"justicia-ordena-a-municipio-devolver-mas-de-9-mil-millones-de-pesos-y-exalcalde-flores-reitera-que-existio-desfalco","status":"publish","type":"post","link":"https:\/\/www.radioamigavallenar.cl\/?p=99327","title":{"rendered":"Justicia ordena a municipio devolver m\u00e1s de 9 mil millones de pesos y exalcalde Flores reitera que existi\u00f3 desfalco"},"content":{"rendered":"<p>El Segundo Juzgado de Letras de Copiap\u00f3 orden\u00f3 a la municipalidad de Vallenar realizar la restituci\u00f3n de $9.431.184.853 millones de pesos, que corresponden a subvenciones educacionales que seg\u00fan el \u00f3rgano judicial no fueron utilizados seg\u00fan dictamina la ley.<br \/>\nFue la Superintendencia de Educaci\u00f3n quien determin\u00f3 en su momento, que exist\u00edan saldos pendientes y gastos sin rendir, luego del traspaso de los establecimientos educacionales que estaban a cargo del municipio al Servicio Local de Educaci\u00f3n P\u00fablica del Huasco en 2018. Y este fallo, tiene su origen en una demanda presentada por el Consejo de Defensa del Estado.<\/p>\n<p style=\"text-align: center;\"><strong>MUNICIPIO<\/strong><\/p>\n<p>Ante este fallo de primera instancia, el alcalde de Vallenar V\u00edctor Isla, se\u00f1al\u00f3 mediante una declaraci\u00f3n p\u00fablica que \u201cal asumir la actual administraci\u00f3n se encontraron con causas judiciales y procedimientos administrativos que presentaban un avanzado estado de abandono, sin presentaciones oportunas ni seguimiento jur\u00eddico adecuado.<\/p>\n<p>De acuerdo con lo informado, las causas de mayor relevancia fueron notificadas al municipio en junio de 2022 y marzo de 2024, periodos previos al inicio de la actual gesti\u00f3n. Sin embargo, al momento de asumir el nuevo gobierno comunal, se detect\u00f3 que no se hab\u00edan adoptado las acciones necesarias para una adecuada defensa institucional, ni tampoco se manten\u00eda un control riguroso del avance de los procesos\u201d.<\/p>\n<p>\u201cEl municipio asegur\u00f3 que la actual administraci\u00f3n no eludir\u00e1 responsabilidades y continuar\u00e1 ejerciendo todas las acciones judiciales y administrativas que correspondan para enfrentar esta situaci\u00f3n\u201d. Desde el municipio reiteraron que seguir\u00e1n agotando todas las instancias legales disponibles, trabajando con responsabilidad jur\u00eddica y administrativa para resguardar el inter\u00e9s superior de la comunidad educativa y dar soluci\u00f3n a los problemas que afectan a la instituci\u00f3n municipal.<\/p>\n<p style=\"text-align: center;\"><strong>EX ALCALDE FLORES<\/strong><\/p>\n<p>Por su parte, y mediante una declaraci\u00f3n p\u00fablica realizada en redes sociales, el exalcalde de Vallenar Armando Flores, coment\u00f3 que \u201cdurante a\u00f1os, mientras ejerc\u00ed como alcalde de nuestra querida comuna entre 2021 y 2024, sostuve una bandera que muchos intentaron arrebatarme: la bandera de la integridad y la probidad. Hoy, la justicia chilena ha hablado con una claridad que no deja espacio a interpretaciones ni a maniobras pol\u00edticas.<\/p>\n<p>La reciente sentencia del Segundo Juzgado de Letras de Copiap\u00f3 (Rol C-852-2024) confirma de manera definitiva lo que denunciamos desde el primer d\u00eda: la existencia de un desfalco \u2014ratificado judicialmente como un perjuicio patrimonial hist\u00f3rico\u2014 por la suma de: $9.431.184.853\u201d.<\/p>\n<p>Flores dijo tambi\u00e9n que, \u201cel tribunal ha determinado que la irregularidad no radica en una supuesta p\u00e9rdida de documentos, sino en actos de m\u00e1xima gravedad: el fallo establece que se pagaron fondos p\u00fablicos por servicios que nunca fueron recibidos, se abultaron facturas y se cancelaron remuneraciones a personal sin contratos vigentes.<\/p>\n<p>Esta conducta, originada bajo el mandato del actual diputado Tapia, ha intentado ser minimizada tanto por \u00e9l como por la administraci\u00f3n de V\u00edctor Isla, calific\u00e1ndola como un simple \u00abdesorden administrativo\u00bb.<\/p>\n<p>La contundencia del tribunal es inapelable: el dinero no se perdi\u00f3 por desorden, sino que fue desviado de sus fines legales. Calificar este escenario como un error de archivo es una desfachatez y un agravio a la inteligencia de los ciudadanos de Vallenar, especialmente considerando que estos recursos debieron financiar el futuro de los ni\u00f1os y ni\u00f1as m\u00e1s vulnerables (Ley SEP y PIE)\u201d<\/p>\n<p>El exalcalde finaliz\u00f3 comentando que \u201choy no tengo ning\u00fan inter\u00e9s en ocupar cargos p\u00fablicos. Estoy enfocado en mi trabajo en el sector privado, feliz y viviendo lejos de donde se me maltrat\u00f3 tanto a m\u00ed y, en especial, a mi familia. Si alzo la voz, es porque solo quiero que se haga justicia. Estoy convencido de que la pol\u00edtica debe ser un instrumento para cambiar la vida de quienes m\u00e1s lo necesitan; un buen pol\u00edtico logra eso, pero uno malo es sin\u00f3nimo de pobreza\u201d.<\/p>\n<p style=\"text-align: center;\"><strong>DIPUTADO TAPIA<\/strong><\/p>\n<audio class=\"wp-audio-shortcode\" id=\"audio-99327-1\" preload=\"none\" style=\"width: 100%;\" controls=\"controls\"><source type=\"audio\/mpeg\" src=\"https:\/\/www.radioamigavallenar.cl\/wp-content\/uploads\/2026\/03\/DIPUTADO-CRISTIAN-TAPIA.mp3?_=1\" \/><a href=\"https:\/\/www.radioamigavallenar.cl\/wp-content\/uploads\/2026\/03\/DIPUTADO-CRISTIAN-TAPIA.mp3\">https:\/\/www.radioamigavallenar.cl\/wp-content\/uploads\/2026\/03\/DIPUTADO-CRISTIAN-TAPIA.mp3<\/a><\/audio>\n<p>&nbsp;<\/p>\n<p>Por su parte, consultado el diputado Cristi\u00e1n Tapia, se\u00f1al\u00f3 que \u201cel alcalde Isla aclar\u00f3 una sentencia de parte del Juzgado de Letras de Copiap\u00f3, donde ratifica una devoluci\u00f3n de recursos. Hay que recordar que la Superintendencia de Educaci\u00f3n abre una plataforma para todos los municipios de la provincia del Huasco, para que realicen las rendiciones pendientes y los documentos que faltaran, que se levantaran observaciones. Se le notific\u00f3 al exalcalde Flores que \u00e9l deb\u00eda hacer ese trabajo, y Flore no rindi\u00f3 nada. Ante esto, el Consejo de Defensa del Estado solicita a tribunales se cobre por la v\u00eda judicial\u201d.<\/p>\n<p>Tapia explic\u00f3 que, en la actual sentencia entregada por el Juzgado de Letras de Copiap\u00f3, el responsable de no haber rendido es el exalcalde Flores, \u201cel fallo de ahora es la primera instancia, y Flores dice que es inapelable. Cuando ingresa Isla al municipio, se se\u00f1al\u00f3 en la cuenta p\u00fablica que en abril ya han reunido documentos y facturas por m\u00e1s de 8 mil 400 millones de pesos, pero cuando fueron a ingresarla les se\u00f1alaron que el plazo fue hasta 2023 y que no se hab\u00eda ingresado\u201d.<\/p>\n","protected":false},"excerpt":{"rendered":"<p>El Segundo Juzgado de Letras de Copiap\u00f3 orden\u00f3 a la municipalidad de Vallenar realizar la restituci\u00f3n de $9.431.184.853 millones de pesos, que corresponden a subvenciones&hellip; <\/p>\n","protected":false},"author":7,"featured_media":99337,"comment_status":"closed","ping_status":"closed","sticky":false,"template":"","format":"standard","meta":{"footnotes":""},"categories":[7],"tags":[],"class_list":["post-99327","post","type-post","status-publish","format-standard","has-post-thumbnail","hentry","category-atacama"],"_links":{"self":[{"href":"https:\/\/www.radioamigavallenar.cl\/index.php?rest_route=\/wp\/v2\/posts\/99327","targetHints":{"allow":["GET"]}}],"collection":[{"href":"https:\/\/www.radioamigavallenar.cl\/index.php?rest_route=\/wp\/v2\/posts"}],"about":[{"href":"https:\/\/www.radioamigavallenar.cl\/index.php?rest_route=\/wp\/v2\/types\/post"}],"author":[{"embeddable":true,"href":"https:\/\/www.radioamigavallenar.cl\/index.php?rest_route=\/wp\/v2\/users\/7"}],"replies":[{"embeddable":true,"href":"https:\/\/www.radioamigavallenar.cl\/index.php?rest_route=%2Fwp%2Fv2%2Fcomments&post=99327"}],"version-history":[{"count":15,"href":"https:\/\/www.radioamigavallenar.cl\/index.php?rest_route=\/wp\/v2\/posts\/99327\/revisions"}],"predecessor-version":[{"id":99345,"href":"https:\/\/www.radioamigavallenar.cl\/index.php?rest_route=\/wp\/v2\/posts\/99327\/revisions\/99345"}],"wp:featuredmedia":[{"embeddable":true,"href":"https:\/\/www.radioamigavallenar.cl\/index.php?rest_route=\/wp\/v2\/media\/99337"}],"wp:attachment":[{"href":"https:\/\/www.radioamigavallenar.cl\/index.php?rest_route=%2Fwp%2Fv2%2Fmedia&parent=99327"}],"wp:term":[{"taxonomy":"category","embeddable":true,"href":"https:\/\/www.radioamigavallenar.cl\/index.php?rest_route=%2Fwp%2Fv2%2Fcategories&post=99327"},{"taxonomy":"post_tag","embeddable":true,"href":"https:\/\/www.radioamigavallenar.cl\/index.php?rest_route=%2Fwp%2Fv2%2Ftags&post=99327"}],"curies":[{"name":"wp","href":"https:\/\/api.w.org\/{rel}","templated":true}]}}