{"id":99324,"date":"2026-03-09T09:52:07","date_gmt":"2026-03-09T12:52:07","guid":{"rendered":"https:\/\/www.radioamigavallenar.cl\/?p=99324"},"modified":"2026-03-09T09:52:07","modified_gmt":"2026-03-09T12:52:07","slug":"chollay-ya-cuenta-con-nuevo-alumbrado-publico","status":"publish","type":"post","link":"https:\/\/www.radioamigavallenar.cl\/?p=99324","title":{"rendered":"Chollay ya cuenta con nuevo alumbrado p\u00fablico"},"content":{"rendered":"<p>Con gran alegr\u00eda, los vecinos y vecinas de Chollay recibieron la obra \u201cConstrucci\u00f3n Alumbrado Convencional y Solar m\u00e1s Recambio de Luminarias\u201d, una iniciativa que mejora significativamente la calidad de vida y seguridad del sector.<\/p>\n<p>La entrega se realiz\u00f3 con la presencia del Jefe Regional de SUBDERE Juan Jos\u00e9 Moreno, la Delegada Presidencial Karina Zarate, el Sr. Alcalde y Concejales, quienes acompa\u00f1aron a la comunidad en este importante hito.<\/p>\n<p>En representaci\u00f3n de los vecinos, la Sra. Sandra Ramos dedic\u00f3 emotivas palabras de agradecimiento, destacando la importancia de esta obra que hoy les permite sentirse m\u00e1s seguros y contar con mejores condiciones para su diario vivir.<\/p>\n<p>Monto de inversi\u00f3n, financiamiento Subdere: $164.371.844.-<\/p>\n<p>La obra contempla: Suministro e instalaci\u00f3n de 14 luminarias solares, \u00a0Suministro e instalaci\u00f3n de 128 luminarias LED, Suministro e instalaci\u00f3n de 105 postes de hormig\u00f3n de 10 metros de altura y red con protecciones el\u00e9ctricas, se\u00f1al\u00e9tica vial y certificaci\u00f3n SEC.<\/p>\n<p>Previo a la ceremonia las autoridades realizaron una inspecci\u00f3n a la obra Mejoramiento Plazoleta Chollay que tambi\u00e9n cuenta con financiamiento Subdere. Esta obra se encuentra en su etapa final de construcci\u00f3n.<\/p>\n<p>Seguimos avanzando en m\u00e1s y mejor infraestructura para nuestras localidades, fortaleciendo la seguridad y el bienestar de nuestras comunidades<\/p>\n","protected":false},"excerpt":{"rendered":"<p>Con gran alegr\u00eda, los vecinos y vecinas de Chollay recibieron la obra \u201cConstrucci\u00f3n Alumbrado Convencional y Solar m\u00e1s Recambio de Luminarias\u201d, una iniciativa que mejora&hellip; <\/p>\n","protected":false},"author":7,"featured_media":99325,"comment_status":"closed","ping_status":"closed","sticky":false,"template":"","format":"standard","meta":{"footnotes":""},"categories":[38],"tags":[],"class_list":["post-99324","post","type-post","status-publish","format-standard","has-post-thumbnail","hentry","category-portada-regional"],"_links":{"self":[{"href":"https:\/\/www.radioamigavallenar.cl\/index.php?rest_route=\/wp\/v2\/posts\/99324","targetHints":{"allow":["GET"]}}],"collection":[{"href":"https:\/\/www.radioamigavallenar.cl\/index.php?rest_route=\/wp\/v2\/posts"}],"about":[{"href":"https:\/\/www.radioamigavallenar.cl\/index.php?rest_route=\/wp\/v2\/types\/post"}],"author":[{"embeddable":true,"href":"https:\/\/www.radioamigavallenar.cl\/index.php?rest_route=\/wp\/v2\/users\/7"}],"replies":[{"embeddable":true,"href":"https:\/\/www.radioamigavallenar.cl\/index.php?rest_route=%2Fwp%2Fv2%2Fcomments&post=99324"}],"version-history":[{"count":1,"href":"https:\/\/www.radioamigavallenar.cl\/index.php?rest_route=\/wp\/v2\/posts\/99324\/revisions"}],"predecessor-version":[{"id":99326,"href":"https:\/\/www.radioamigavallenar.cl\/index.php?rest_route=\/wp\/v2\/posts\/99324\/revisions\/99326"}],"wp:featuredmedia":[{"embeddable":true,"href":"https:\/\/www.radioamigavallenar.cl\/index.php?rest_route=\/wp\/v2\/media\/99325"}],"wp:attachment":[{"href":"https:\/\/www.radioamigavallenar.cl\/index.php?rest_route=%2Fwp%2Fv2%2Fmedia&parent=99324"}],"wp:term":[{"taxonomy":"category","embeddable":true,"href":"https:\/\/www.radioamigavallenar.cl\/index.php?rest_route=%2Fwp%2Fv2%2Fcategories&post=99324"},{"taxonomy":"post_tag","embeddable":true,"href":"https:\/\/www.radioamigavallenar.cl\/index.php?rest_route=%2Fwp%2Fv2%2Ftags&post=99324"}],"curies":[{"name":"wp","href":"https:\/\/api.w.org\/{rel}","templated":true}]}}