{"id":99321,"date":"2026-03-09T09:35:26","date_gmt":"2026-03-09T12:35:26","guid":{"rendered":"https:\/\/www.radioamigavallenar.cl\/?p=99321"},"modified":"2026-03-09T09:35:26","modified_gmt":"2026-03-09T12:35:26","slug":"frenetico-inicio-de-semana-en-mercados-bolsas-se-desploman-y-petroleo-rompe-la-barrera-de-los-us100","status":"publish","type":"post","link":"https:\/\/www.radioamigavallenar.cl\/?p=99321","title":{"rendered":"Fren\u00e9tico inicio de semana en mercados: Bolsas se desploman y petr\u00f3leo rompe la barrera de los US$100"},"content":{"rendered":"<p>El precio del gas en los contratos de futuros del TTF neerland\u00e9s, considerado tambi\u00e9n de referencia europea, abri\u00f3 tambi\u00e9n con una subida del 30% hasta los 69,50 euros (unos US$80).<\/p>\n<p>En los \u00faltimos d\u00edas se reportaron ataques contra campos petrol\u00edferos del sur de Irak y de la regi\u00f3n aut\u00f3noma kurda del norte iraqu\u00ed, lo que oblig\u00f3 a reducir la producci\u00f3n.<\/p>\n<p>Tambi\u00e9n Emiratos \u00c1rabes Unidos y Kuwait recortaron la producci\u00f3n en medio de los ataques iran\u00edes contra sus territorios.<\/p>\n<p>Los pa\u00edses del G7 estudian recurrir de forma coordinada a sus reservas estrat\u00e9gicas de petr\u00f3leo para contener la escalada de precios. Una fuente del gobierno franc\u00e9s confirm\u00f3 que esta opci\u00f3n ser\u00e1 discutida en una videoconferencia de los ministros de Finanzas.<\/p>\n<p>La Agencia Internacional de la Energ\u00eda exige a sus miembros mantener reservas equivalentes a 90 d\u00edas de importaciones.<\/p>\n<p><strong>\u00abImpuesto sobre la econom\u00eda global\u00bb<\/strong><\/p>\n<p>En tanto, el tr\u00e1fico en el estrecho de Ormuz, por donde pasa una quinta parte del petr\u00f3leo y el gas consumidos a nivel mundial, se suspendi\u00f3 desde el estallido de la guerra, el 28 de febrero.<\/p>\n<p>Con la perspectiva de que los precios de la energ\u00eda se mantengan altos durante un largo periodo, se despert\u00f3 el temor de una ola inflacionaria susceptible de impactar la econom\u00eda global.<\/p>\n<p>El presidente estadounidense, Donald Trump, minimiz\u00f3 el incremento en el precio del crudo frente a la importancia de eliminar \u00abla amenaza nuclear de Ir\u00e1n\u00bb.<\/p>\n<p>\u00abEl aumento a corto plazo de los precios del petr\u00f3leo, que caer\u00e1n r\u00e1pidamente cuando termine la destrucci\u00f3n de la amenaza nuclear de Ir\u00e1n, es un precio muy peque\u00f1o a pagar por la seguridad y la paz de Estados Unidos y del mundo\u00bb escribi\u00f3 Trump en su plataforma Truth Social.<\/p>\n<p>\u00ab\u00a1SOLO LOS TONTOS PENSAR\u00cdAN LO CONTRARIO!\u00bb, agreg\u00f3 Trump.<\/p>\n<p>No obstante, analistas alertaron de un impacto severo en la econom\u00eda mundial.<\/p>\n<p>\u00abEl choque m\u00e1s profundo se est\u00e1 extendiendo en la cadena productiva\u00bb, afirm\u00f3 Stephen Innes, de SPI Asset Management.<\/p>\n<p>Seg\u00fan el experto, \u00abel petr\u00f3leo por encima de US$$100 no es solo el repunte de una materia prima. Se convierte en un impuesto sobre la econom\u00eda global\u00bb.<\/p>\n","protected":false},"excerpt":{"rendered":"<p>El precio del gas en los contratos de futuros del TTF neerland\u00e9s, considerado tambi\u00e9n de referencia europea, abri\u00f3 tambi\u00e9n con una subida del 30% hasta&hellip; <\/p>\n","protected":false},"author":7,"featured_media":99322,"comment_status":"closed","ping_status":"closed","sticky":false,"template":"","format":"standard","meta":{"footnotes":""},"categories":[37],"tags":[],"class_list":["post-99321","post","type-post","status-publish","format-standard","has-post-thumbnail","hentry","category-nacional"],"_links":{"self":[{"href":"https:\/\/www.radioamigavallenar.cl\/index.php?rest_route=\/wp\/v2\/posts\/99321","targetHints":{"allow":["GET"]}}],"collection":[{"href":"https:\/\/www.radioamigavallenar.cl\/index.php?rest_route=\/wp\/v2\/posts"}],"about":[{"href":"https:\/\/www.radioamigavallenar.cl\/index.php?rest_route=\/wp\/v2\/types\/post"}],"author":[{"embeddable":true,"href":"https:\/\/www.radioamigavallenar.cl\/index.php?rest_route=\/wp\/v2\/users\/7"}],"replies":[{"embeddable":true,"href":"https:\/\/www.radioamigavallenar.cl\/index.php?rest_route=%2Fwp%2Fv2%2Fcomments&post=99321"}],"version-history":[{"count":1,"href":"https:\/\/www.radioamigavallenar.cl\/index.php?rest_route=\/wp\/v2\/posts\/99321\/revisions"}],"predecessor-version":[{"id":99323,"href":"https:\/\/www.radioamigavallenar.cl\/index.php?rest_route=\/wp\/v2\/posts\/99321\/revisions\/99323"}],"wp:featuredmedia":[{"embeddable":true,"href":"https:\/\/www.radioamigavallenar.cl\/index.php?rest_route=\/wp\/v2\/media\/99322"}],"wp:attachment":[{"href":"https:\/\/www.radioamigavallenar.cl\/index.php?rest_route=%2Fwp%2Fv2%2Fmedia&parent=99321"}],"wp:term":[{"taxonomy":"category","embeddable":true,"href":"https:\/\/www.radioamigavallenar.cl\/index.php?rest_route=%2Fwp%2Fv2%2Fcategories&post=99321"},{"taxonomy":"post_tag","embeddable":true,"href":"https:\/\/www.radioamigavallenar.cl\/index.php?rest_route=%2Fwp%2Fv2%2Ftags&post=99321"}],"curies":[{"name":"wp","href":"https:\/\/api.w.org\/{rel}","templated":true}]}}