{"id":99317,"date":"2026-03-09T09:12:47","date_gmt":"2026-03-09T12:12:47","guid":{"rendered":"https:\/\/www.radioamigavallenar.cl\/?p=99317"},"modified":"2026-03-09T09:12:47","modified_gmt":"2026-03-09T12:12:47","slug":"poeta-huasquino-presenta-sus-cuentacuentos-en-importantes-eventos-nacionales","status":"publish","type":"post","link":"https:\/\/www.radioamigavallenar.cl\/?p=99317","title":{"rendered":"Poeta huasquino presenta sus \u201ccuentacuentos\u201d en importantes eventos nacionales"},"content":{"rendered":"<p class=\"x_MsoNormal\" align=\"center\">Juan So\u00f1ador Rivera, particip\u00f3 exitosamente en la primera Feria del Libro de Los Choros, y en la Feria del Libro y la Cultura de La Ligua.<\/p>\n<p class=\"x_MsoNormal\">Una temporada de exitosas presentaciones inici\u00f3 el poeta y gestor cultural de Huasco, Juan So\u00f1ador Rivera, con sus itinerancias de \u201ccuentacuentos\u201d en distintos eventos literarios del pa\u00eds.<\/p>\n<p class=\"x_MsoNormal\">El poeta, ganador del Premio Regional de Arte, Cultura y Patrimonio 2024, particip\u00f3 en la primera Feria del Libro desarrollada en la localidad de los Choros, en La Higuera; adem\u00e1s, brill\u00f3 en la d\u00e9cima versi\u00f3n de la Feria del Libro y la Cultura, Jorge Teillier, en la ciudad de La Ligua.<\/p>\n<p class=\"x_MsoNormal\">De esta forma, el poeta comenz\u00f3 su temporada de presentaciones de \u201ccuentacuentos\u201d y narraciones en Teatro Kamishibai, que desarrolla principalmente en eventos literarios y actividades culturales de escuelas y liceos de la regi\u00f3n, con relatos como La Tortilla Corredora, Qu\u00e9 hay detr\u00e1s de la puerta, y la Vaca Victoria, entre otros.<\/p>\n<p class=\"x_MsoNormal\">\u201cAgradezco la invitaci\u00f3n para participar como cuentacuentos y librero en la Feria del Libro de la Comunidad de Los Choros. Gracias a las familias, vecinos y escritores y, en especial, a los ni\u00f1os que participaron activamente en mi presentaci\u00f3n, en una linda jornada en que conocimos lugares, la amabilidad de la gente y el maravilloso entorno natural\u201d, expres\u00f3 So\u00f1ador.<\/p>\n<p class=\"x_MsoNormal\">Sobre su paso por la Feria del Libro y la Cultura, Jorge Teillier, el poeta indic\u00f3 que \u201cfue muy grato llevar mi propuesta art\u00edstica de narraciones en esta hermosa Feria Literaria de la Ligua, donde se puso \u00e9nfasis a las presentaciones de libros, conversatorios, lecturas po\u00e9ticas y narraciones. Gracias a los organizadores y al p\u00fablico que nos acompa\u00f1\u00f3 en la Plaza de La Ligua\u201d.<\/p>\n<p class=\"x_MsoNormal\">El poeta huasquino destac\u00f3 que este 2026 se proyecta como un gran a\u00f1o para el desarrollo de sus diversas facetas culturales, entre las que destacan sus presentaciones con la agrupaci\u00f3n musical literaria \u201cTroves\u00eda\u201d; adem\u00e1s de lecturas de poemarios como Servilleta y Callej\u00f3n-caminos y recovecos; junto a la itinerancia con su biblioteca m\u00f3vil Bibliomuelle. \u201cPor ello agradezco a quienes quieran invitarme a nivel local o nacional a entregarles mis cuentacuentos, para ni\u00f1os y no tan ni\u00f1os, en un espacio de alegr\u00eda y cultura que puede apoyar distintas actividades educativas y art\u00edsticas\u201d, dijo.<\/p>\n<p class=\"x_MsoNormal\">Cabe recordar que el a\u00f1o pasado, Juan So\u00f1ador Rivera tambi\u00e9n recibi\u00f3 un importante reconocimiento a su trayectoria literaria y cultural de parte de la Municipalidad de Huasco y la Biblioteca Municipal Jos\u00e9 Santos Ossa, en un concurrido evento realizado en el Centro Cultural Padre Luis Gil de Huasco.<\/p>\n","protected":false},"excerpt":{"rendered":"<p>Juan So\u00f1ador Rivera, particip\u00f3 exitosamente en la primera Feria del Libro de Los Choros, y en la Feria del Libro y la Cultura de La&hellip; <\/p>\n","protected":false},"author":7,"featured_media":99319,"comment_status":"closed","ping_status":"closed","sticky":false,"template":"","format":"standard","meta":{"footnotes":""},"categories":[7],"tags":[],"class_list":["post-99317","post","type-post","status-publish","format-standard","has-post-thumbnail","hentry","category-atacama"],"_links":{"self":[{"href":"https:\/\/www.radioamigavallenar.cl\/index.php?rest_route=\/wp\/v2\/posts\/99317","targetHints":{"allow":["GET"]}}],"collection":[{"href":"https:\/\/www.radioamigavallenar.cl\/index.php?rest_route=\/wp\/v2\/posts"}],"about":[{"href":"https:\/\/www.radioamigavallenar.cl\/index.php?rest_route=\/wp\/v2\/types\/post"}],"author":[{"embeddable":true,"href":"https:\/\/www.radioamigavallenar.cl\/index.php?rest_route=\/wp\/v2\/users\/7"}],"replies":[{"embeddable":true,"href":"https:\/\/www.radioamigavallenar.cl\/index.php?rest_route=%2Fwp%2Fv2%2Fcomments&post=99317"}],"version-history":[{"count":1,"href":"https:\/\/www.radioamigavallenar.cl\/index.php?rest_route=\/wp\/v2\/posts\/99317\/revisions"}],"predecessor-version":[{"id":99318,"href":"https:\/\/www.radioamigavallenar.cl\/index.php?rest_route=\/wp\/v2\/posts\/99317\/revisions\/99318"}],"wp:featuredmedia":[{"embeddable":true,"href":"https:\/\/www.radioamigavallenar.cl\/index.php?rest_route=\/wp\/v2\/media\/99319"}],"wp:attachment":[{"href":"https:\/\/www.radioamigavallenar.cl\/index.php?rest_route=%2Fwp%2Fv2%2Fmedia&parent=99317"}],"wp:term":[{"taxonomy":"category","embeddable":true,"href":"https:\/\/www.radioamigavallenar.cl\/index.php?rest_route=%2Fwp%2Fv2%2Fcategories&post=99317"},{"taxonomy":"post_tag","embeddable":true,"href":"https:\/\/www.radioamigavallenar.cl\/index.php?rest_route=%2Fwp%2Fv2%2Ftags&post=99317"}],"curies":[{"name":"wp","href":"https:\/\/api.w.org\/{rel}","templated":true}]}}