{"id":99313,"date":"2026-03-09T00:01:44","date_gmt":"2026-03-09T03:01:44","guid":{"rendered":"https:\/\/www.radioamigavallenar.cl\/?p=99313"},"modified":"2026-03-08T21:42:59","modified_gmt":"2026-03-09T00:42:59","slug":"directora-de-gestion-de-proyectos-y-programas-de-la-municipalidad-de-alto-del-carmen-se-encuentra-suspendida-tras-sumario-por-presunto-acoso-laboral-y-sexual","status":"publish","type":"post","link":"https:\/\/www.radioamigavallenar.cl\/?p=99313","title":{"rendered":"Directora de Gesti\u00f3n de Proyectos y Programas de la Municipalidad de Alto del Carmen se encuentra suspendida tras sumario por presunto acoso laboral y sexual"},"content":{"rendered":"<p>En un esc\u00e1ndalo, se encuentra la directora de Gesti\u00f3n de Proyectos y Programas de la Municipalidad de Alto del Carmen, bajo la administraci\u00f3n del alcalde Cristian Olivares.<\/p>\n<p>Esto tras denuncias por presuntas conductas de acoso laboral y acoso sexual, lo cual la mantiene suspendida de sus funciones.<\/p>\n<p>De acuerdo al Diario Atacama, la funcionaria fue objeto de un sumario administrativo mediante el Decreto alcaldicio N.\u00b0252 de fecha 29 de enero de este a\u00f1o.<\/p>\n<p>Esta acci\u00f3n administrativa se determin\u00f3 tras denuncias de acoso laboral y acoso sexual, en el marco de la Ley Karin.<\/p>\n<p>Seg\u00fan el citado medio, el sumario se desarroll\u00f3 entre el 29 de enero y el 9 de febrero. En donde se recibieron 6 declaraciones de funcionarios (as).<\/p>\n<p>Dichos antecedentes fueron derivados para que investigue eventuales infracciones vinculadas a la Ley Karin.<\/p>\n","protected":false},"excerpt":{"rendered":"<p>En un esc\u00e1ndalo, se encuentra la directora de Gesti\u00f3n de Proyectos y Programas de la Municipalidad de Alto del Carmen, bajo la administraci\u00f3n del alcalde&hellip; <\/p>\n","protected":false},"author":7,"featured_media":99314,"comment_status":"closed","ping_status":"closed","sticky":false,"template":"","format":"standard","meta":{"footnotes":""},"categories":[38],"tags":[],"class_list":["post-99313","post","type-post","status-publish","format-standard","has-post-thumbnail","hentry","category-portada-regional"],"_links":{"self":[{"href":"https:\/\/www.radioamigavallenar.cl\/index.php?rest_route=\/wp\/v2\/posts\/99313","targetHints":{"allow":["GET"]}}],"collection":[{"href":"https:\/\/www.radioamigavallenar.cl\/index.php?rest_route=\/wp\/v2\/posts"}],"about":[{"href":"https:\/\/www.radioamigavallenar.cl\/index.php?rest_route=\/wp\/v2\/types\/post"}],"author":[{"embeddable":true,"href":"https:\/\/www.radioamigavallenar.cl\/index.php?rest_route=\/wp\/v2\/users\/7"}],"replies":[{"embeddable":true,"href":"https:\/\/www.radioamigavallenar.cl\/index.php?rest_route=%2Fwp%2Fv2%2Fcomments&post=99313"}],"version-history":[{"count":1,"href":"https:\/\/www.radioamigavallenar.cl\/index.php?rest_route=\/wp\/v2\/posts\/99313\/revisions"}],"predecessor-version":[{"id":99315,"href":"https:\/\/www.radioamigavallenar.cl\/index.php?rest_route=\/wp\/v2\/posts\/99313\/revisions\/99315"}],"wp:featuredmedia":[{"embeddable":true,"href":"https:\/\/www.radioamigavallenar.cl\/index.php?rest_route=\/wp\/v2\/media\/99314"}],"wp:attachment":[{"href":"https:\/\/www.radioamigavallenar.cl\/index.php?rest_route=%2Fwp%2Fv2%2Fmedia&parent=99313"}],"wp:term":[{"taxonomy":"category","embeddable":true,"href":"https:\/\/www.radioamigavallenar.cl\/index.php?rest_route=%2Fwp%2Fv2%2Fcategories&post=99313"},{"taxonomy":"post_tag","embeddable":true,"href":"https:\/\/www.radioamigavallenar.cl\/index.php?rest_route=%2Fwp%2Fv2%2Ftags&post=99313"}],"curies":[{"name":"wp","href":"https:\/\/api.w.org\/{rel}","templated":true}]}}