{"id":99310,"date":"2026-03-09T00:01:57","date_gmt":"2026-03-09T03:01:57","guid":{"rendered":"https:\/\/www.radioamigavallenar.cl\/?p=99310"},"modified":"2026-03-08T21:41:14","modified_gmt":"2026-03-09T00:41:14","slug":"crianceros-de-freirina-seran-beneficiados-con-alimentos-productivos-y-entrega-de-suplemento-alimenticio","status":"publish","type":"post","link":"https:\/\/www.radioamigavallenar.cl\/?p=99310","title":{"rendered":"Crianceros de Freirina ser\u00e1n beneficiados con alimentos productivos y entrega de suplemento alimenticio"},"content":{"rendered":"<p>Crianceros y crianceras del rubro caprino de Freirina ser\u00e1n parte de los beneficiarios del programa FNDR que ejecuta INDAP con financiamiento del Gobierno Regional de Atacama, iniciativa que \ud835\udc1c\ud835\udc28\ud835\udc27\ud835\udc2d\ud835\udc1e\ud835\udc26\ud835\udc29\ud835\udc25\ud835\udc1a \ud835\udc2e\ud835\udc27\ud835\udc1a \ud835\udc22\ud835\udc27\ud835\udc2f\ud835\udc1e\ud835\udc2b\ud835\udc26\ud835\udc22\ud835\udc25\ud835\udc25\ud835\udc28\ud835\udc27\ud835\udc1e\ud835\udc2c, \ud835\udc1d\ud835\udc1e\ud835\udc1d\ud835\udc1e \ud835\udfcf\ud835\udfce.\ud835\udfd3\ud835\udfce\ud835\udfce \ud835\udc26\ud835\udc22\ud835\udc25\ud835\udc25\ud835\udc28\ud835\udc27\ud835\udc1e\ud835\udc2c,\ud835\udc1d\ud835\udc1e \ud835\udc29\ud835\udc1e\ud835\udc2c\ud835\udc28\ud835\udc2c \ud835\udc1d\ud835\udc22\ud835\udc2c\ud835\udc2d\ud835\udc2b\ud835\udc22\ud835\udc1b\ud835\udc2e\ud835\udc22\ud835\udc1d\ud835\udc28\ud835\udc2c \ud835\udc1e\ud835\udc27 \ud835\udc1d\ud835\udc28\ud835\udc2c \ud835\udc1a\ud835\udc27\u0303\ud835\udc28\ud835\udc2c , destinada a fortalecer el trabajo de 400 crianceros y crianceras de la regi\u00f3n, adem\u00e1s de 800 peque\u00f1os agricultores.<\/p>\n<p>Durante la instancia de representaci\u00f3n regional de crianceros 2026 se inform\u00f3 el estado de avance del programa y las pr\u00f3ximas fechas de entrega de suplemento alimenticio, apoyo que tambi\u00e9n llegar\u00e1 a productores de la comuna de Freirina.<\/p>\n<p>La primera entrega se realizar\u00e1 entre las dos \u00faltimas semanas de marzo y la primera semana de abril, mientras que la segunda est\u00e1 programada entre las dos \u00faltimas semanas de julio y la primera de agosto.<\/p>\n<p>\ud835\udc00 \ud835\udc25\ud835\udc1a \ud835\udc1f\ud835\udc1e\ud835\udc1c\ud835\udc21\ud835\udc1a, \ud835\udc1e\ud835\udc25 \ud835\udc29\ud835\udc2b\ud835\udc28\ud835\udc20\ud835\udc2b\ud835\udc1a\ud835\udc26\ud835\udc1a \ud835\udc32\ud835\udc1a \ud835\udc21\ud835\udc1a \ud835\udc1d\ud835\udc22\ud835\udc2c\ud835\udc2d\ud835\udc2b\ud835\udc22\ud835\udc1b\ud835\udc2e\ud835\udc22\ud835\udc1d\ud835\udc28 \ud835\udc26\ud835\udc1a\u0301\ud835\udc2c \ud835\udc1d\ud835\udc1e \ud835\udfd1\ud835\udfce\ud835\udc1d\ud835\udc22\ud835\udc2c\ud835\udc2d\ud835\udc22\ud835\udc27\ud835\udc28\ud835\udc2c\ud835\udc25\ud835\udc1a\ud835\udc1d\ud835\udc1a\ud835\udc2c \ud835\udc1d\ud835\udc1e \ud835\udc2c\ud835\udc2e\ud835\udc29\ud835\udc25\ud835\udc1e\ud835\udc26\ud835\udc1e\ud835\udc27\ud835\udc2d\ud835\udc28 \ud835\udc1a\ud835\udc25\ud835\udc22\ud835\udc26\ud835\udc1e\ud835\udc27\ud835\udc2d\ud835\udc22\ud835\udc1c\ud835\udc22\ud835\udc28\ud835\udc21\ud835\udc22\u0301\ud835\udc1a\ud835\udc26\ud835\udc1a, \ud835\udc26\ud835\udc1e\ud835\udc1d\ud835\udc22\ud835\udc1d\ud835\udc1a \ud835\udc1c\ud835\udc25\ud835\udc1a\ud835\udc2f\ud835\udc1e \ud835\udc29\ud835\udc1a\ud835\udc2b\ud835\udc1a \ud835\udc1e\ud835\udc27\ud835\udc1f\ud835\udc2b\ud835\udc1e\ud835\udc27\ud835\udc2d\ud835\udc1a\ud835\udc2b \ud835\udc25\ud835\udc1a \ud835\udc1e\ud835\udc2c\ud835\udc1c\ud835\udc1a\ud835\udc2c\ud835\udc1e\ud835\udc33 \ud835\udc21\ud835\udc22\u0301\ud835\udc1d\ud835\udc2b\ud835\udc22\ud835\udc1c\ud835\udc1a \ud835\udc32 \ud835\udc25\ud835\udc1a \ud835\udc1f\ud835\udc1a\ud835\udc25\ud835\udc2d\ud835\udc1a \ud835\udc1d\ud835\udc1e \ud835\udc1f\ud835\udc28\ud835\udc2b\ud835\udc2b\ud835\udc1a\ud835\udc23\ud835\udc1e \ud835\udc2a\ud835\udc2e\ud835\udc1e \ud835\udc1a\ud835\udc1f\ud835\udc1e\ud835\udc1c\ud835\udc2d\ud835\udc1a \ud835\udc1a\ud835\udc25 \ud835\udc2b\ud835\udc2e\ud835\udc1b\ud835\udc2b\ud835\udc28.<\/p>\n<p>Para los crianceros de Freirina esta es una buena noticia, considerando que la comuna se encuentra en una zona de rezago. Adem\u00e1s, los peque\u00f1os crianceros han resistido por a\u00f1os prolongados periodos de sequ\u00eda y escasez de alimento para sus ganados, situaci\u00f3n que ha puesto a prueba la continuidad de esta actividad tradicional del mundo rural.<\/p>\n<p>En ese contexto, \ud835\udddd\ud835\uddfc\ud835\uddff\ud835\uddf4\ud835\uddf2 \ud835\udde7\ud835\uddfc\ud835\uddff\ud835\uddff\ud835\uddf2\ud835\ude00, \ud835\uddfd\ud835\uddff\ud835\uddf2\ud835\ude00\ud835\uddf6\ud835\uddf1\ud835\uddf2\ud835\uddfb\ud835\ude01\ud835\uddf2 \ud835\uddf1\ud835\uddf2\ud835\uddf9 \ud835\udde6\ud835\uddf6\ud835\uddfb\ud835\uddf1\ud835\uddf6\ud835\uddf0\ud835\uddee\ud835\ude01\ud835\uddfc \ud835\uddf1\ud835\uddf2 \ud835\uddd6\ud835\uddff\ud835\uddf6\ud835\uddee\ud835\uddfb\ud835\uddf0\ud835\uddf2\ud835\uddff\ud835\uddfc\ud835\ude00 \ud835\uddf1\ud835\uddf2 \ud835\uddd6\ud835\uddee\ud835\uddff\ud835\uddff\ud835\uddf6\ud835\ude07\ud835\uddee\ud835\uddf9\ud835\uddf6\ud835\uddf9\ud835\uddf9\ud835\uddfc, valor\u00f3 la instancia se\u00f1alando que \u00abson muy importantes estas mesas porque estamos sacando y actualizando informaci\u00f3n sobre la entrega de alimentos y los proyectos para los crianceros, y eso es muy importante manejarlo para evitar confusiones o desinformaci\u00f3n\u00bb.<\/p>\n","protected":false},"excerpt":{"rendered":"<p>Crianceros y crianceras del rubro caprino de Freirina ser\u00e1n parte de los beneficiarios del programa FNDR que ejecuta INDAP con financiamiento del Gobierno Regional de&hellip; <\/p>\n","protected":false},"author":7,"featured_media":99311,"comment_status":"closed","ping_status":"closed","sticky":false,"template":"","format":"standard","meta":{"footnotes":""},"categories":[7],"tags":[],"class_list":["post-99310","post","type-post","status-publish","format-standard","has-post-thumbnail","hentry","category-atacama"],"_links":{"self":[{"href":"https:\/\/www.radioamigavallenar.cl\/index.php?rest_route=\/wp\/v2\/posts\/99310","targetHints":{"allow":["GET"]}}],"collection":[{"href":"https:\/\/www.radioamigavallenar.cl\/index.php?rest_route=\/wp\/v2\/posts"}],"about":[{"href":"https:\/\/www.radioamigavallenar.cl\/index.php?rest_route=\/wp\/v2\/types\/post"}],"author":[{"embeddable":true,"href":"https:\/\/www.radioamigavallenar.cl\/index.php?rest_route=\/wp\/v2\/users\/7"}],"replies":[{"embeddable":true,"href":"https:\/\/www.radioamigavallenar.cl\/index.php?rest_route=%2Fwp%2Fv2%2Fcomments&post=99310"}],"version-history":[{"count":1,"href":"https:\/\/www.radioamigavallenar.cl\/index.php?rest_route=\/wp\/v2\/posts\/99310\/revisions"}],"predecessor-version":[{"id":99312,"href":"https:\/\/www.radioamigavallenar.cl\/index.php?rest_route=\/wp\/v2\/posts\/99310\/revisions\/99312"}],"wp:featuredmedia":[{"embeddable":true,"href":"https:\/\/www.radioamigavallenar.cl\/index.php?rest_route=\/wp\/v2\/media\/99311"}],"wp:attachment":[{"href":"https:\/\/www.radioamigavallenar.cl\/index.php?rest_route=%2Fwp%2Fv2%2Fmedia&parent=99310"}],"wp:term":[{"taxonomy":"category","embeddable":true,"href":"https:\/\/www.radioamigavallenar.cl\/index.php?rest_route=%2Fwp%2Fv2%2Fcategories&post=99310"},{"taxonomy":"post_tag","embeddable":true,"href":"https:\/\/www.radioamigavallenar.cl\/index.php?rest_route=%2Fwp%2Fv2%2Ftags&post=99310"}],"curies":[{"name":"wp","href":"https:\/\/api.w.org\/{rel}","templated":true}]}}