{"id":99308,"date":"2026-03-09T00:00:50","date_gmt":"2026-03-09T03:00:50","guid":{"rendered":"https:\/\/www.radioamigavallenar.cl\/?p=99308"},"modified":"2026-03-08T21:36:54","modified_gmt":"2026-03-09T00:36:54","slug":"advierten-altas-temperaturas-en-atacama-para-inicios-de-la-proxima-semana","status":"publish","type":"post","link":"https:\/\/www.radioamigavallenar.cl\/?p=99308","title":{"rendered":"Advierten altas temperaturas en Atacama para inicios de la pr\u00f3xima semana"},"content":{"rendered":"<p>La autoridad meteorol\u00f3gica emiti\u00f3 un aviso por altas temperaturas que afectar\u00e1n a distintos sectores de la Regi\u00f3n de Atacama durante los pr\u00f3ximos d\u00edas, producto de una condici\u00f3n sin\u00f3ptica asociada a una dorsal en altura.<\/p>\n<p>Seg\u00fan el reporte emitido este s\u00e1bado 7 de marzo a las 16:25 horas, el evento se desarrollar\u00e1 desde la tarde del domingo 8 de marzo y se extender\u00e1 hasta la noche de hoy\u00a0 lunes 9.<\/p>\n<p>El fen\u00f3meno afectar\u00e1 principalmente a zonas de la cordillera de la costa, sectores de valles y la pampa de la regi\u00f3n.<\/p>\n<div class=\"code-block code-block-5\">\n<div id=\"sas_99435\"><\/div>\n<\/div>\n<p>De acuerdo con las estimaciones, para el domingo 8 de marzo se esperan temperaturas entre 30 y 32 grados Celsius en la cordillera de la costa y sectores de valles. Para hoy lunes 9 de marzo se prev\u00e9n valores similares, tambi\u00e9n entre 30 y 32 grados en esas zonas.<\/p>\n<p>En el caso del sector de la pampa, las temperaturas estimadas para el lunes 9 de marzo tambi\u00e9n se ubicar\u00edan entre los 30 y 32 grados Celsius.<\/p>\n<p>Las condiciones estar\u00e1n asociadas a la presencia de una dorsal en altura, fen\u00f3meno que favorece la estabilidad atmosf\u00e9rica y el aumento de las temperaturas en la zona.<\/p>\n","protected":false},"excerpt":{"rendered":"<p>La autoridad meteorol\u00f3gica emiti\u00f3 un aviso por altas temperaturas que afectar\u00e1n a distintos sectores de la Regi\u00f3n de Atacama durante los pr\u00f3ximos d\u00edas, producto de&hellip; <\/p>\n","protected":false},"author":7,"featured_media":97400,"comment_status":"closed","ping_status":"closed","sticky":false,"template":"","format":"standard","meta":{"footnotes":""},"categories":[38],"tags":[],"class_list":["post-99308","post","type-post","status-publish","format-standard","has-post-thumbnail","hentry","category-portada-regional"],"_links":{"self":[{"href":"https:\/\/www.radioamigavallenar.cl\/index.php?rest_route=\/wp\/v2\/posts\/99308","targetHints":{"allow":["GET"]}}],"collection":[{"href":"https:\/\/www.radioamigavallenar.cl\/index.php?rest_route=\/wp\/v2\/posts"}],"about":[{"href":"https:\/\/www.radioamigavallenar.cl\/index.php?rest_route=\/wp\/v2\/types\/post"}],"author":[{"embeddable":true,"href":"https:\/\/www.radioamigavallenar.cl\/index.php?rest_route=\/wp\/v2\/users\/7"}],"replies":[{"embeddable":true,"href":"https:\/\/www.radioamigavallenar.cl\/index.php?rest_route=%2Fwp%2Fv2%2Fcomments&post=99308"}],"version-history":[{"count":1,"href":"https:\/\/www.radioamigavallenar.cl\/index.php?rest_route=\/wp\/v2\/posts\/99308\/revisions"}],"predecessor-version":[{"id":99309,"href":"https:\/\/www.radioamigavallenar.cl\/index.php?rest_route=\/wp\/v2\/posts\/99308\/revisions\/99309"}],"wp:featuredmedia":[{"embeddable":true,"href":"https:\/\/www.radioamigavallenar.cl\/index.php?rest_route=\/wp\/v2\/media\/97400"}],"wp:attachment":[{"href":"https:\/\/www.radioamigavallenar.cl\/index.php?rest_route=%2Fwp%2Fv2%2Fmedia&parent=99308"}],"wp:term":[{"taxonomy":"category","embeddable":true,"href":"https:\/\/www.radioamigavallenar.cl\/index.php?rest_route=%2Fwp%2Fv2%2Fcategories&post=99308"},{"taxonomy":"post_tag","embeddable":true,"href":"https:\/\/www.radioamigavallenar.cl\/index.php?rest_route=%2Fwp%2Fv2%2Ftags&post=99308"}],"curies":[{"name":"wp","href":"https:\/\/api.w.org\/{rel}","templated":true}]}}