{"id":99305,"date":"2026-03-09T00:01:05","date_gmt":"2026-03-09T03:01:05","guid":{"rendered":"https:\/\/www.radioamigavallenar.cl\/?p=99305"},"modified":"2026-03-08T21:34:47","modified_gmt":"2026-03-09T00:34:47","slug":"carabineros-recupera-en-vallenar-vehiculo-robado-hace-siete-anos-en-concon","status":"publish","type":"post","link":"https:\/\/www.radioamigavallenar.cl\/?p=99305","title":{"rendered":"Carabineros recupera en Vallenar veh\u00edculo robado hace siete a\u00f1os en Conc\u00f3n"},"content":{"rendered":"<p>Un veh\u00edculo que manten\u00eda encargo vigente por robo desde el a\u00f1o 2018 fue recuperado por personal de Carabineros en la comuna de Vallenar, en la Regi\u00f3n de Atacama, tras un procedimiento desarrollado por funcionarios de la Secci\u00f3n de Investigaci\u00f3n Policial (SIP) de la 3\u00aa Comisar\u00eda.<\/p>\n<p>El hallazgo se produjo durante una fiscalizaci\u00f3n realizada en la Ruta C-46, a la altura del kil\u00f3metro 1, donde el personal policial control\u00f3 un furg\u00f3n que circulaba por el sector. En el procedimiento, los funcionarios advirtieron que el veh\u00edculo manten\u00eda placas patentes clonadas.<\/p>\n<p>Ante esta situaci\u00f3n, los antecedentes fueron verificados en los sistemas institucionales de Carabineros, lo que permiti\u00f3 establecer que el m\u00f3vil registraba encargo vigente por robo con fecha 20 de enero de 2018, denuncia realizada en la ciudad de Conc\u00f3n, en la Regi\u00f3n de Valpara\u00edso.<\/p>\n<div class=\"code-block code-block-5\">\n<div id=\"sas_99435\"><\/div>\n<\/div>\n<p>El conductor del veh\u00edculo, un hombre chileno de 45 a\u00f1os que no manten\u00eda antecedentes anteriores y que facilit\u00f3 la documentaci\u00f3n del furg\u00f3n durante la fiscalizaci\u00f3n, fue detenido por el delito de receptaci\u00f3n de veh\u00edculo motorizado.<\/p>\n<p>El veh\u00edculo recuperado corresponde a un furg\u00f3n marca Chevrolet, modelo N300, a\u00f1o 2016, de color blanco, el cual fue incautado por personal policial con el objetivo de iniciar las gestiones para su posterior devoluci\u00f3n a su propietario original.<\/p>\n","protected":false},"excerpt":{"rendered":"<p>Un veh\u00edculo que manten\u00eda encargo vigente por robo desde el a\u00f1o 2018 fue recuperado por personal de Carabineros en la comuna de Vallenar, en la&hellip; <\/p>\n","protected":false},"author":7,"featured_media":99306,"comment_status":"closed","ping_status":"closed","sticky":false,"template":"","format":"standard","meta":{"footnotes":""},"categories":[7],"tags":[],"class_list":["post-99305","post","type-post","status-publish","format-standard","has-post-thumbnail","hentry","category-atacama"],"_links":{"self":[{"href":"https:\/\/www.radioamigavallenar.cl\/index.php?rest_route=\/wp\/v2\/posts\/99305","targetHints":{"allow":["GET"]}}],"collection":[{"href":"https:\/\/www.radioamigavallenar.cl\/index.php?rest_route=\/wp\/v2\/posts"}],"about":[{"href":"https:\/\/www.radioamigavallenar.cl\/index.php?rest_route=\/wp\/v2\/types\/post"}],"author":[{"embeddable":true,"href":"https:\/\/www.radioamigavallenar.cl\/index.php?rest_route=\/wp\/v2\/users\/7"}],"replies":[{"embeddable":true,"href":"https:\/\/www.radioamigavallenar.cl\/index.php?rest_route=%2Fwp%2Fv2%2Fcomments&post=99305"}],"version-history":[{"count":1,"href":"https:\/\/www.radioamigavallenar.cl\/index.php?rest_route=\/wp\/v2\/posts\/99305\/revisions"}],"predecessor-version":[{"id":99307,"href":"https:\/\/www.radioamigavallenar.cl\/index.php?rest_route=\/wp\/v2\/posts\/99305\/revisions\/99307"}],"wp:featuredmedia":[{"embeddable":true,"href":"https:\/\/www.radioamigavallenar.cl\/index.php?rest_route=\/wp\/v2\/media\/99306"}],"wp:attachment":[{"href":"https:\/\/www.radioamigavallenar.cl\/index.php?rest_route=%2Fwp%2Fv2%2Fmedia&parent=99305"}],"wp:term":[{"taxonomy":"category","embeddable":true,"href":"https:\/\/www.radioamigavallenar.cl\/index.php?rest_route=%2Fwp%2Fv2%2Fcategories&post=99305"},{"taxonomy":"post_tag","embeddable":true,"href":"https:\/\/www.radioamigavallenar.cl\/index.php?rest_route=%2Fwp%2Fv2%2Ftags&post=99305"}],"curies":[{"name":"wp","href":"https:\/\/api.w.org\/{rel}","templated":true}]}}