{"id":99302,"date":"2026-03-09T00:00:45","date_gmt":"2026-03-09T03:00:45","guid":{"rendered":"https:\/\/www.radioamigavallenar.cl\/?p=99302"},"modified":"2026-03-08T21:31:48","modified_gmt":"2026-03-09T00:31:48","slug":"se-extiende-plazo-para-postular-a-programa-de-formacion-en-riego-sustentable-con-reuso-de-aguas-grises","status":"publish","type":"post","link":"https:\/\/www.radioamigavallenar.cl\/?p=99302","title":{"rendered":"Se extiende plazo para postular a programa de formaci\u00f3n en riego sustentable con re\u00faso de aguas grises"},"content":{"rendered":"<p class=\"x_MsoNormal\"><b>El proyecto cuenta con financiamiento del Programa de Desarrollo Productivo Sostenible (DPS), liderado por el Ministerio de Econom\u00eda y Corfo y es ejecutado por el Grupo de Estudios del Agua (GEA) de la Facultad de Ciencias Agron\u00f3micas de la Universidad de Chile<\/b>.<\/p>\n<p>Hasta el 31 de marzo se ampli\u00f3 el plazo para que las y los emprendedores de la Regi\u00f3n de Atacama puedan postular al programa \u00abGris a Verde: Viraliza Riego Sustentable\u00bb; \u00a0una iniciativa que buscar desarrollar y fortalecer iniciativas vinculadas a la gesti\u00f3n, tratamiento y reutilizaci\u00f3n de aguas grises para riego, como respuesta concreta al contexto h\u00eddrico en la regi\u00f3n.<u><\/u><u><\/u><\/p>\n<p class=\"x_MsoNormal\">\nEl programa contempla 40 horas lectivas de formaci\u00f3n 100% presencial, con talleres, workshops y charlas te\u00f3rico-pr\u00e1cticas orientadas a entregar herramientas t\u00e9cnicas, normativas y de negocio. Adem\u00e1s, considera acompa\u00f1amiento a los participantes para dise\u00f1ar modelos de negocio innovadores y sostenibles, incorporar principios de econom\u00eda circular, y vincularse con oportunidades de financiamiento y actores del ecosistema h\u00eddrico y agroproductivo.<u><\/u><u><\/u><\/p>\n<p class=\"x_MsoNormal\">\nEntre los contenidos se abordar\u00e1n temas como: calidad de agua y criterios para uso agr\u00edcola; tecnolog\u00edas de tratamiento y sistemas de reutilizaci\u00f3n; operaci\u00f3n y mantenci\u00f3n de soluciones de re\u00faso a escala predial y comunitaria; exigencias sanitarias y regulatorias aplicables; y formulaci\u00f3n de proyectos y presentaci\u00f3n efectiva de iniciativas para la obtenci\u00f3n de financiamiento p\u00fablico y\/o privado. La intervenci\u00f3n incluir\u00e1, adem\u00e1s, instancias de articulaci\u00f3n y networking, y visitas demostrativas apoyadas por actores regionales del sector. El llamado est\u00e1 dirigido a personas mayores de 18 a\u00f1os con residencia o actividad en la Regi\u00f3n de Atacama, que cuenten con una idea de negocio o emprendimiento en marcha (agr\u00edcola, agroindustrial o de base tecnol\u00f3gica) y que tengan inter\u00e9s en implementar soluciones de re\u00faso de aguas para riego.<u><\/u><u><\/u><\/p>\n<p class=\"x_MsoNormal\">\u00a0<u><\/u><u><\/u><\/p>\n<p class=\"x_MsoNormal\">La duraci\u00f3n de esta iniciativa ser\u00e1 de siete meses a partir de abril de 2026 (con sesiones presenciales de un d\u00eda al mes) y considera cuarenta horas de formaci\u00f3n, con sesiones presenciales planificadas para facilitar la participaci\u00f3n de personas provenientes de distintas comunas de la regi\u00f3n.<\/p>\n<p>Las postulaciones estar\u00e1n abiertas hasta el\u00a0<b>martes 31 de marzo<\/b>\u00a0en el siguiente link<u><\/u><u><\/u><\/p>\n<p class=\"x_MsoNormal\">\n<u><a title=\"https:\/\/docs.google.com\/forms\/d\/e\/1FAIpQLSe1kndzZBwR-BSpmpppJPWBpCTi4EcIqO-IHrWrR_5UonnGhQ\/viewform?usp=header\" href=\"https:\/\/docs.google.com\/forms\/d\/e\/1FAIpQLSe1kndzZBwR-BSpmpppJPWBpCTi4EcIqO-IHrWrR_5UonnGhQ\/viewform?usp=header\" target=\"_blank\" rel=\"noopener noreferrer\" data-auth=\"NotApplicable\" data-linkindex=\"0\">https:\/\/docs.google.com\/forms\/d\/e\/1FAIpQLSe1kndzZBwR-BSpmpppJPWBpCTi4EcIqO-IHrWrR_5UonnGhQ\/viewform?usp=header<\/a><\/u><u><\/u><u><\/u><\/p>\n<p class=\"x_MsoNormal\">\nPara m\u00e1s informaci\u00f3n escribir al mail\u00a0<a title=\"mailto:mariela.herrera@uchile.cl\" href=\"mailto:mariela.herrera@uchile.cl\" data-linkindex=\"1\">mariela.herrera@uchile.cl<\/a><u><\/u><u><\/u><\/p>\n","protected":false},"excerpt":{"rendered":"<p>El proyecto cuenta con financiamiento del Programa de Desarrollo Productivo Sostenible (DPS), liderado por el Ministerio de Econom\u00eda y Corfo y es ejecutado por el&hellip; <\/p>\n","protected":false},"author":7,"featured_media":99303,"comment_status":"closed","ping_status":"closed","sticky":false,"template":"","format":"standard","meta":{"footnotes":""},"categories":[7],"tags":[],"class_list":["post-99302","post","type-post","status-publish","format-standard","has-post-thumbnail","hentry","category-atacama"],"_links":{"self":[{"href":"https:\/\/www.radioamigavallenar.cl\/index.php?rest_route=\/wp\/v2\/posts\/99302","targetHints":{"allow":["GET"]}}],"collection":[{"href":"https:\/\/www.radioamigavallenar.cl\/index.php?rest_route=\/wp\/v2\/posts"}],"about":[{"href":"https:\/\/www.radioamigavallenar.cl\/index.php?rest_route=\/wp\/v2\/types\/post"}],"author":[{"embeddable":true,"href":"https:\/\/www.radioamigavallenar.cl\/index.php?rest_route=\/wp\/v2\/users\/7"}],"replies":[{"embeddable":true,"href":"https:\/\/www.radioamigavallenar.cl\/index.php?rest_route=%2Fwp%2Fv2%2Fcomments&post=99302"}],"version-history":[{"count":1,"href":"https:\/\/www.radioamigavallenar.cl\/index.php?rest_route=\/wp\/v2\/posts\/99302\/revisions"}],"predecessor-version":[{"id":99304,"href":"https:\/\/www.radioamigavallenar.cl\/index.php?rest_route=\/wp\/v2\/posts\/99302\/revisions\/99304"}],"wp:featuredmedia":[{"embeddable":true,"href":"https:\/\/www.radioamigavallenar.cl\/index.php?rest_route=\/wp\/v2\/media\/99303"}],"wp:attachment":[{"href":"https:\/\/www.radioamigavallenar.cl\/index.php?rest_route=%2Fwp%2Fv2%2Fmedia&parent=99302"}],"wp:term":[{"taxonomy":"category","embeddable":true,"href":"https:\/\/www.radioamigavallenar.cl\/index.php?rest_route=%2Fwp%2Fv2%2Fcategories&post=99302"},{"taxonomy":"post_tag","embeddable":true,"href":"https:\/\/www.radioamigavallenar.cl\/index.php?rest_route=%2Fwp%2Fv2%2Ftags&post=99302"}],"curies":[{"name":"wp","href":"https:\/\/api.w.org\/{rel}","templated":true}]}}