{"id":99299,"date":"2026-03-09T00:00:39","date_gmt":"2026-03-09T03:00:39","guid":{"rendered":"https:\/\/www.radioamigavallenar.cl\/?p=99299"},"modified":"2026-03-08T21:20:47","modified_gmt":"2026-03-09T00:20:47","slug":"ministerio-de-agricultura-reconoce-la-labor-de-las-mujeres-atacamenas-en-la-agricultura","status":"publish","type":"post","link":"https:\/\/www.radioamigavallenar.cl\/?p=99299","title":{"rendered":"Ministerio de Agricultura reconoce la labor de las mujeres atacame\u00f1as en la agricultura"},"content":{"rendered":"<p>En el marco de la conmemoraci\u00f3n del Dia Internacional de la Mujer, el Ministerio de Agricultura a trav\u00e9s de la Comisi\u00f3n Nacional de Riego, CNR, oficina Copiap\u00f3, homenaje\u00f3 a las mujeres que se destacaron en el mundo de la agricultura, durante el a\u00f1o 2025, entreg\u00e1ndoles un reconocimiento a su labor, en una significativa ceremonia.<\/p>\n<p>&nbsp;<\/p>\n<p>En la actividad, encabezada por la secretaria regional ministerial de Agricultura, Paola Torres Gonz\u00e1lez, y el Coordinador Zonal de la CNR Copiap\u00f3, Jaime Guti\u00e9rrez Figueroa, participaron autoridades regionales, como el Gobernador Regional (S) Mario Silva \u00c1lvarez, la directora regional (S) de SAG; Carla Montiel Gonzalez, las representantes del Consejo Asesor Regional (CAR), y las del Consejo Asesor de \u00c1rea (CADA) de INDAP.<\/p>\n<p>&nbsp;<\/p>\n<p>En la ocasi\u00f3n se reconocieron a mujeres agricultoras, a dirigentes del mundo rural y a profesionales de los servicios del agro. Tras finalizar la actividad, la seremi (S) Paola Torres Gonz\u00e1lez se\u00f1al\u00f3 que \u201cconmemoramos una fecha muy importante, relevando particularmente el rol de la mujer rural, en la lucha en contra de la desigualdad de g\u00e9nero, reconociendo a varias agricultoras, de toda nuestra regi\u00f3n y a nuestras dirigentes rurales, que han jugado un papel relevante en esta lucha de ir ganando espacios, que han generado pol\u00edticas p\u00fablicas que van en su beneficio. Tambi\u00e9n estuvimos con nuestras pares, a quienes tambi\u00e9n reconocimos\u201d.<\/p>\n<p>&nbsp;<\/p>\n<p>Por su parte, el Coordinador Zonal CNR Copiap\u00f3, Jaime Guti\u00e9rrez Figueroa, mencion\u00f3 que \u201choy quisimos hacer un reconocimiento al trabajo m\u00faltiple que desarrollan las mujeres en el sector rural, porque no s\u00f3lo son productoras, son madres, son t\u00edas, abuelas, hijas, algunas dirigentes, que realizan un rol s\u00faper importante como dirigentes de organizaciones de usuarios, de asociaciones rurales e ind\u00edgenas, muchas de ellas son socias fundamentales de la Comisi\u00f3n Nacional de Riego y del Ministerio de Agricultura para los proyectos que nosotros ejecutamos en los territorios\u201d.<\/p>\n<p>&nbsp;<\/p>\n<p>Una de las homenajeadas fue Ver\u00f3nica Flores, agricultura del sector camarones sur, Vallenar, quien asegur\u00f3 que \u201cfue una sorpresa grata, muy lindo el reconocimiento para todas las agricultoras, porque somos campesinas que nos cuesta salir adelante, nos cuesta tener lo que entregamos a la comunidad y saber que nuestros productos son bien recibidos y son todos sanos. Este premio fue algo muy lindo, porque no nos informaron esto, pensamos que era s\u00f3lo una ceremonia\u201d.<\/p>\n<p>&nbsp;<\/p>\n<p>Otra de las premiadas fue, Gianina Santana, productora de flores comestibles, quien asegur\u00f3 que \u201ceste reconocimiento es para las mujeres que nos dedicamos a la agricultura en este lugar, donde tenemos que ser tan resilientes, porque tenemos el desierto de Atacama, uno de los m\u00e1s \u00e1ridos del mundo y, adem\u00e1s, tenemos todo el efecto del cambio clim\u00e1tico, la falta de agua, etc. Es un reconocimiento a la labor que realiza nuestro g\u00e9nero,<\/p>\n<p>y en este d\u00eda tan particular como lo es la conmemoraci\u00f3n del D\u00eda Internacional de la Mujer, se agradece profundamente\u201d.<\/p>\n<p>&nbsp;<\/p>\n<p>Finalmente, la apicultora Maricela Orrego, tras recibir su diploma dijo que \u201ctodav\u00eda no me la creo, justo estaba grabando a mis compa\u00f1eras, porque suelen ser ellas las reconocidas y ahora soy yo, entonces todav\u00eda estoy como euf\u00f3rica. De verdad les doy las gracias\u201d<\/p>\n","protected":false},"excerpt":{"rendered":"<p>En el marco de la conmemoraci\u00f3n del Dia Internacional de la Mujer, el Ministerio de Agricultura a trav\u00e9s de la Comisi\u00f3n Nacional de Riego, CNR,&hellip; <\/p>\n","protected":false},"author":7,"featured_media":99300,"comment_status":"closed","ping_status":"closed","sticky":false,"template":"","format":"standard","meta":{"footnotes":""},"categories":[38],"tags":[],"class_list":["post-99299","post","type-post","status-publish","format-standard","has-post-thumbnail","hentry","category-portada-regional"],"_links":{"self":[{"href":"https:\/\/www.radioamigavallenar.cl\/index.php?rest_route=\/wp\/v2\/posts\/99299","targetHints":{"allow":["GET"]}}],"collection":[{"href":"https:\/\/www.radioamigavallenar.cl\/index.php?rest_route=\/wp\/v2\/posts"}],"about":[{"href":"https:\/\/www.radioamigavallenar.cl\/index.php?rest_route=\/wp\/v2\/types\/post"}],"author":[{"embeddable":true,"href":"https:\/\/www.radioamigavallenar.cl\/index.php?rest_route=\/wp\/v2\/users\/7"}],"replies":[{"embeddable":true,"href":"https:\/\/www.radioamigavallenar.cl\/index.php?rest_route=%2Fwp%2Fv2%2Fcomments&post=99299"}],"version-history":[{"count":1,"href":"https:\/\/www.radioamigavallenar.cl\/index.php?rest_route=\/wp\/v2\/posts\/99299\/revisions"}],"predecessor-version":[{"id":99301,"href":"https:\/\/www.radioamigavallenar.cl\/index.php?rest_route=\/wp\/v2\/posts\/99299\/revisions\/99301"}],"wp:featuredmedia":[{"embeddable":true,"href":"https:\/\/www.radioamigavallenar.cl\/index.php?rest_route=\/wp\/v2\/media\/99300"}],"wp:attachment":[{"href":"https:\/\/www.radioamigavallenar.cl\/index.php?rest_route=%2Fwp%2Fv2%2Fmedia&parent=99299"}],"wp:term":[{"taxonomy":"category","embeddable":true,"href":"https:\/\/www.radioamigavallenar.cl\/index.php?rest_route=%2Fwp%2Fv2%2Fcategories&post=99299"},{"taxonomy":"post_tag","embeddable":true,"href":"https:\/\/www.radioamigavallenar.cl\/index.php?rest_route=%2Fwp%2Fv2%2Ftags&post=99299"}],"curies":[{"name":"wp","href":"https:\/\/api.w.org\/{rel}","templated":true}]}}