{"id":99296,"date":"2026-03-09T00:00:45","date_gmt":"2026-03-09T03:00:45","guid":{"rendered":"https:\/\/www.radioamigavallenar.cl\/?p=99296"},"modified":"2026-03-08T21:17:50","modified_gmt":"2026-03-09T00:17:50","slug":"sercotec-atacama-abeja-emprende-y-crece-fueron-los-programas-con-mayor-convocatoria-durante-el-2025","status":"publish","type":"post","link":"https:\/\/www.radioamigavallenar.cl\/?p=99296","title":{"rendered":"Sercotec Atacama: \u201cAbeja Emprende\u201d y \u201cCrece\u201d fueron los programas con mayor convocatoria durante el 2025"},"content":{"rendered":"<ul>\n<li>Durante el a\u00f1o reci\u00e9n pasado Sercotec invirti\u00f3 m\u00e1s de 1.100 millones en fondos concursables para el fomento del emprendimiento, las pymes y la asociatividad empresarial de la regi\u00f3n.<\/li>\n<li>Agregado a este monto, desde el Gobierno Regional de Atacama hubo una inyecci\u00f3n de recursos de 231 millones, dedicados a aumentar la cobertura de los programas Abeja, Semilla, Crece, Almacenes y Gremios.<\/li>\n<\/ul>\n<p>El Servicio de Cooperaci\u00f3n T\u00e9cnica (Sercotec), instituci\u00f3n del Estado l\u00edder en fomento productivo, reafirm\u00f3 su compromiso con las micro y peque\u00f1as empresas (MiPymes) y cooperativas de Chile durante el 2025, destacando el impacto de sus programas emblem\u00e1ticos, que impulsan el crecimiento sostenible y la autonom\u00eda econ\u00f3mica en Atacama. A trav\u00e9s de sus fondos concursables, Sercotec ha entregado miles de millones en subsidios, facilitando la creaci\u00f3n de negocios, la reactivaci\u00f3n econ\u00f3mica y la modernizaci\u00f3n tecnol\u00f3gica.<\/p>\n<p>En la regi\u00f3n de Atacama, Sercotec es un referente para el mundo p\u00fablico y privado, ya que trabaja bajo el objetivo de beneficiar a emprendedoras y emprendedores formalizados o que est\u00e9n en v\u00edas de su formalizaci\u00f3n y, as\u00ed, fortalecer sus negocios y aumentar sus probabilidades de \u00e9xito.<\/p>\n<p>\u00abEl enfoque de Sercotec est\u00e1 en la sostenibilidad y el escalamiento de las pymes, con un fuerte componente de g\u00e9nero, que se ve reflejado en programas espec\u00edficos para mujeres, como el \u201cCapital Abeja\u201d y, m\u00e1s recientemente, \u201cCapital Pioneras\u201d. Adem\u00e1s, nuestros Centros de Negocios, ubicados en Copiap\u00f3 y Vallenar, siguen consolid\u00e1ndose como pilares fundamentales para el apoyo continuo y la maduraci\u00f3n de las empresas apoyadas, brindando asesor\u00eda t\u00e9cnica especializada a 995 emprendimientos, mipymes y cooperativas\u201d, destac\u00f3 el director de Sercotec Atacama, Marcelo Quiroga Salas.<\/p>\n<p>Los programas con mayor convocatoria de Sercotec Atacama durante el 2025 incluyen \u201cCapital Abeja\u201d, \u201cCapital Semilla\u201d, \u201cCrece\u201d y \u201cDigitaliza Tu Almac\u00e9n\u201d. Estos programas ofrecen subsidios no reembolsables, asesor\u00edas y capacitaci\u00f3n para fomentar la formalizaci\u00f3n y la modernizaci\u00f3n de los negocios en Atacama.<\/p>\n<p>\u201cEl <strong>Capital Abeja Emprende<\/strong> 2025 tuvo una inversi\u00f3n de cerca de 165 millones de pesos, donde 35 emprendedoras a lo largo de Atacama lograron adjudicarse el fondo y formalizar sus negocios. Por otro lado, el programa \u201c<strong>Crece\u201d, <\/strong>que busca apoyar a empresas ya formalizadas, alcanz\u00f3 a cubrir a 54 mipymes, 20 de ellas con foco en desarrollo sostenible. De esta forma, estamos impactando el progreso del ecosistema de emprendimiento de Atacama, desde el origen de las mipymes hasta la maduraci\u00f3n de sus negocios\u201d, manifest\u00f3 Quiroga Salas.<\/p>\n<p>En cuanto los otros programas destacados, el \u201cCapital Semilla Emprende\u201d tuvo una cobertura de 24 beneficiarios con un presupuesto de m\u00e1s de 108 millones, y el \u201cDigitaliza Tu Almac\u00e9n\u201d permiti\u00f3 que 23 almaceneros de la regi\u00f3n pudieran integrar herramientas digitales en su gesti\u00f3n, con un presupuesto total de 90 millones de pesos.<\/p>\n<p>Por otro lado, Sercotec no solo apoy\u00f3 de manera individual al emprendimiento y las pymes, sino que, entendiendo la asociatividad como un eje estrat\u00e9gico para superar brechas y barreras de mercado, se destinaron m\u00e1s de 200 millones de pesos para fortalecer las capacidades de gesti\u00f3n y desarrollo de 3 gremios, 2 cooperativas, 2 barrios comerciales y 3 ferias libres de la regi\u00f3n de Atacama.<\/p>\n<p>&nbsp;<\/p>\n<p style=\"text-align: center;\"><strong><u>Participaci\u00f3n activa durante el verano 2026<\/u><\/strong><\/p>\n<p><strong><u><br \/>\n<\/u><\/strong><br \/>\nEntre enero y febrero de 2026, Sercotec Atacama impuls\u00f3 la convocatoria al programa Digitaliza tu Almac\u00e9n, iniciativa que entreg\u00f3 subsidios de hasta $3 millones para apoyar la modernizaci\u00f3n y digitalizaci\u00f3n de almacenes de barrio de la regi\u00f3n. Las postulaciones estuvieron abiertas hasta el 24 de febrero. Durante el verano, Sercotec tambi\u00e9n tuvo una participaci\u00f3n destacada en Congreso Futuro Atacama, uno de los eventos m\u00e1s relevantes de la temporada a nivel nacional y regional. Por primera vez, la instituci\u00f3n se integr\u00f3 al equipo organizador regional, incorporando al emprendimiento y la innovaci\u00f3n local dentro de la programaci\u00f3n del evento.<\/p>\n<p>\u201cEn ese marco se realizaron dos Expo Emprendimiento &amp; Innovaci\u00f3n en Vallenar y Copiap\u00f3, donde cerca de 80 emprendedores y emprendedoras pudieron exhibir sus productos, vincularse con el ecosistema de fomento productivo y generar nuevas oportunidades comerciales. A esto se sum\u00f3 el trabajo del Centro de Negocios Sercotec Copiap\u00f3 junto a Mall Plaza Copiap\u00f3, que permiti\u00f3 habilitar espacios de comercializaci\u00f3n para emprendedores locales mediante la Feria del Amor y la Amistad y la Expo Vuelta a Clases, disponible hasta el 8 de marzo\u201d; finaliz\u00f3 Quiroga Salas.<\/p>\n<p>Por \u00faltimo, estas iniciativas reflejan el rol de Sercotec en la regi\u00f3n: conectar programas, eventos y espacios comerciales con oportunidades concretas para emprendedores y emprendedoras de Atacama.<\/p>\n","protected":false},"excerpt":{"rendered":"<p>Durante el a\u00f1o reci\u00e9n pasado Sercotec invirti\u00f3 m\u00e1s de 1.100 millones en fondos concursables para el fomento del emprendimiento, las pymes y la asociatividad empresarial&hellip; <\/p>\n","protected":false},"author":7,"featured_media":99297,"comment_status":"closed","ping_status":"closed","sticky":false,"template":"","format":"standard","meta":{"footnotes":""},"categories":[7],"tags":[],"class_list":["post-99296","post","type-post","status-publish","format-standard","has-post-thumbnail","hentry","category-atacama"],"_links":{"self":[{"href":"https:\/\/www.radioamigavallenar.cl\/index.php?rest_route=\/wp\/v2\/posts\/99296","targetHints":{"allow":["GET"]}}],"collection":[{"href":"https:\/\/www.radioamigavallenar.cl\/index.php?rest_route=\/wp\/v2\/posts"}],"about":[{"href":"https:\/\/www.radioamigavallenar.cl\/index.php?rest_route=\/wp\/v2\/types\/post"}],"author":[{"embeddable":true,"href":"https:\/\/www.radioamigavallenar.cl\/index.php?rest_route=\/wp\/v2\/users\/7"}],"replies":[{"embeddable":true,"href":"https:\/\/www.radioamigavallenar.cl\/index.php?rest_route=%2Fwp%2Fv2%2Fcomments&post=99296"}],"version-history":[{"count":1,"href":"https:\/\/www.radioamigavallenar.cl\/index.php?rest_route=\/wp\/v2\/posts\/99296\/revisions"}],"predecessor-version":[{"id":99298,"href":"https:\/\/www.radioamigavallenar.cl\/index.php?rest_route=\/wp\/v2\/posts\/99296\/revisions\/99298"}],"wp:featuredmedia":[{"embeddable":true,"href":"https:\/\/www.radioamigavallenar.cl\/index.php?rest_route=\/wp\/v2\/media\/99297"}],"wp:attachment":[{"href":"https:\/\/www.radioamigavallenar.cl\/index.php?rest_route=%2Fwp%2Fv2%2Fmedia&parent=99296"}],"wp:term":[{"taxonomy":"category","embeddable":true,"href":"https:\/\/www.radioamigavallenar.cl\/index.php?rest_route=%2Fwp%2Fv2%2Fcategories&post=99296"},{"taxonomy":"post_tag","embeddable":true,"href":"https:\/\/www.radioamigavallenar.cl\/index.php?rest_route=%2Fwp%2Fv2%2Ftags&post=99296"}],"curies":[{"name":"wp","href":"https:\/\/api.w.org\/{rel}","templated":true}]}}