{"id":99291,"date":"2026-03-09T00:00:07","date_gmt":"2026-03-09T03:00:07","guid":{"rendered":"https:\/\/www.radioamigavallenar.cl\/?p=99291"},"modified":"2026-03-08T21:15:43","modified_gmt":"2026-03-09T00:15:43","slug":"sector-salud-destaca-importante-convenio-para-el-desarrollo-de-la-red-asistencial-de-la-region","status":"publish","type":"post","link":"https:\/\/www.radioamigavallenar.cl\/?p=99291","title":{"rendered":"Sector Salud destaca importante convenio para el desarrollo de la Red Asistencial de la regi\u00f3n"},"content":{"rendered":"<ul>\n<li>El martes 3 de marzo, el Consejo Regional aprob\u00f3 los aportes del Gobierno Regional, faltando la sanci\u00f3n del Ministerio de Salud desde el nivel central.<\/li>\n<\/ul>\n<p>El nuevo convenio de programaci\u00f3n para el sector salud en Atacama ya est\u00e1 aprobado por parte del Consejo Regional, noticia que fue muy bien recibida en la Comisi\u00f3n Evaluadora de dicho convenio.<\/p>\n<p>La Seremi de Salud y secretaria ejecutiva del convenio, J\u00e9ssica Rojas Gahona, destac\u00f3 la relevancia de este avance: \u201cEs un paso fundamental. Ahora la iniciativa pasa a evaluaci\u00f3n del Ministerio de Salud, tarea que ser\u00e1 gestionada por las pr\u00f3ximas autoridades. Este proyecto permitir\u00e1 mejorar y actualizar la red p\u00fablica de atenci\u00f3n para las 251.665 personas inscritas en el sistema, lo que representa a m\u00e1s del 84% de la poblaci\u00f3n de Atacama\u201d.<\/p>\n<p>El nuevo convenio comprender\u00e1 desde el 2026 al 2033 con una inversi\u00f3n total de $489 mil millones, el 58 por ciento proveniente del Servicio de Salud Atacama y el 42 por ciento restante financiado por el Gobierno Regional. El acuerdo tuvo un origen participativo, con quince reuniones en toda la regi\u00f3n en las que participaron l\u00edderes y comunidad.<\/p>\n<p>\u201cNuestro objetivo es avanzar fuertemente en potenciar la calidad de atenci\u00f3n para nuestras usuarias y usuarios, as\u00ed como tambi\u00e9n, las condiciones en las que trabajan los funcionarios. En ese contexto, el convenio de programaci\u00f3n nos permitir\u00e1 contar con m\u00e1s y mejor infraestructura, as\u00ed como con modernos equipamientos. Estamos felices por la aprobaci\u00f3n de este nuevo Convenio de Programaci\u00f3n. Fue un proceso bien ordenado, met\u00f3dico y por, sobre todo, muy participativo con la ciudadan\u00eda, con nuestros usuarios, referentes de la Red Asistencial, gremios, consejeros, alcaldes y tambi\u00e9n con distintos grupos de inter\u00e9s. Hoy estamos concretando esto a trav\u00e9s de la unanimidad de los consejeros regionales. Tambi\u00e9n podemos celebrar que tenemos una meta que cumplir y que vamos a poner todo nuestro esfuerzo para poder seguir aportando en infraestructura, en equipamiento, en listas de espera por nuestros usuarios y usuarias de Atacama\u201d expres\u00f3 el Director del Servicio de Salud Atacama, Bernardo Villablanca Llanos.<\/p>\n<p>Los objetivos estrat\u00e9gicos del nuevo convenio son: Avanzar hacia una Atenci\u00f3n Primaria de Salud resolutiva, cercana y de calidad, construir salud mental para Atacama, potenciar la atenci\u00f3n prehospitalaria y la red integrada de urgencia y mayor resolutividad en hospitales de la regi\u00f3n. Actualmente hay 66 dispositivos de salud, los que aumentar\u00e1n a 71 con esta inversi\u00f3n y son: Cesfam Villa Las Playas de Caldera, Posta de Salud Rural del Valle (Vallenar), Posta Salud Rural El Corral de Alto del Carmen, Centro de Resolutividad APS de Copiap\u00f3, un Centro de Resoluci\u00f3n de Salud de Cha\u00f1aral, Centro Oncol\u00f3gico Regional, y los nuevos centros de salud mental Costa Norte de Caldera y para las provincias de Vallenar y Cha\u00f1aral.<\/p>\n<p>Tambi\u00e9n hay una serie de proyectos de ampliaci\u00f3n o reposici\u00f3n (construcci\u00f3n de un edificio completamente nuevo) para diez centros de salud de la provincia de Copiap\u00f3, cuatro en la provincia de Cha\u00f1aral y cuatro de la provincia de Huasco.<\/p>\n<p>&nbsp;<\/p>\n<p>La Jefa de Recursos F\u00edsicos del Servicio de Salud de Atacama, Yasna Olave hizo un reconocimiento p\u00fablico en la reuni\u00f3n, a la labor cumplida por la Seremi de Salud J\u00e9ssica Rojas en su rol de secretaria ejecutiva del convenio de programaci\u00f3n.<\/p>\n<p>\u201cEs s\u00faper relevante que haya una autoridad pol\u00edtica que est\u00e9 validando el trabajo que hacen los organismos t\u00e9cnicos y en este caso ese rol lo jug\u00f3 todo el tiempo la Seremi y estuvo siempre a disposici\u00f3n de nosotros como unidad t\u00e9cnica, tambi\u00e9n en funciones como las autorizaciones sanitarias para que los recintos puedan entrar en funcionamiento con un esp\u00edritu siempre colaborador\u201d, indic\u00f3.<\/p>\n","protected":false},"excerpt":{"rendered":"<p>El martes 3 de marzo, el Consejo Regional aprob\u00f3 los aportes del Gobierno Regional, faltando la sanci\u00f3n del Ministerio de Salud desde el nivel central.&hellip; <\/p>\n","protected":false},"author":7,"featured_media":99292,"comment_status":"closed","ping_status":"closed","sticky":false,"template":"","format":"standard","meta":{"footnotes":""},"categories":[7],"tags":[],"class_list":["post-99291","post","type-post","status-publish","format-standard","has-post-thumbnail","hentry","category-atacama"],"_links":{"self":[{"href":"https:\/\/www.radioamigavallenar.cl\/index.php?rest_route=\/wp\/v2\/posts\/99291","targetHints":{"allow":["GET"]}}],"collection":[{"href":"https:\/\/www.radioamigavallenar.cl\/index.php?rest_route=\/wp\/v2\/posts"}],"about":[{"href":"https:\/\/www.radioamigavallenar.cl\/index.php?rest_route=\/wp\/v2\/types\/post"}],"author":[{"embeddable":true,"href":"https:\/\/www.radioamigavallenar.cl\/index.php?rest_route=\/wp\/v2\/users\/7"}],"replies":[{"embeddable":true,"href":"https:\/\/www.radioamigavallenar.cl\/index.php?rest_route=%2Fwp%2Fv2%2Fcomments&post=99291"}],"version-history":[{"count":3,"href":"https:\/\/www.radioamigavallenar.cl\/index.php?rest_route=\/wp\/v2\/posts\/99291\/revisions"}],"predecessor-version":[{"id":99295,"href":"https:\/\/www.radioamigavallenar.cl\/index.php?rest_route=\/wp\/v2\/posts\/99291\/revisions\/99295"}],"wp:featuredmedia":[{"embeddable":true,"href":"https:\/\/www.radioamigavallenar.cl\/index.php?rest_route=\/wp\/v2\/media\/99292"}],"wp:attachment":[{"href":"https:\/\/www.radioamigavallenar.cl\/index.php?rest_route=%2Fwp%2Fv2%2Fmedia&parent=99291"}],"wp:term":[{"taxonomy":"category","embeddable":true,"href":"https:\/\/www.radioamigavallenar.cl\/index.php?rest_route=%2Fwp%2Fv2%2Fcategories&post=99291"},{"taxonomy":"post_tag","embeddable":true,"href":"https:\/\/www.radioamigavallenar.cl\/index.php?rest_route=%2Fwp%2Fv2%2Ftags&post=99291"}],"curies":[{"name":"wp","href":"https:\/\/api.w.org\/{rel}","templated":true}]}}