{"id":99288,"date":"2026-03-09T00:00:25","date_gmt":"2026-03-09T03:00:25","guid":{"rendered":"https:\/\/www.radioamigavallenar.cl\/?p=99288"},"modified":"2026-03-08T21:13:51","modified_gmt":"2026-03-09T00:13:51","slug":"cierre-de-la-escuela-de-mar-2026-un-proyecto-transformador-para-los-ninos-y-ninas-de-chanaral-de-aceituno","status":"publish","type":"post","link":"https:\/\/www.radioamigavallenar.cl\/?p=99288","title":{"rendered":"Cierre de la Escuela de Mar 2026: Un Proyecto Transformador para los Ni\u00f1os y Ni\u00f1as de Cha\u00f1aral de Aceituno"},"content":{"rendered":"<p>La Fundaci\u00f3n Cha\u00f1aral de Aceituno, en colaboraci\u00f3n con El Calet\u00f3n, emprendimiento local que busca acercar a las personas con la mar (@caleton.atacama), celebraron el cierre de la Escuela de Mar 2026, una iniciativa que ha tenido un impacto profundo en los ni\u00f1os y ni\u00f1as residentes de la Caleta Cha\u00f1aral de Aceituno. A lo largo del proyecto, los participantes tuvieron la oportunidad de aprender nuevas formas de relacionarse con el mar, promoviendo tanto la salud f\u00edsica como la conciencia ecol\u00f3gica.<\/p>\n<p>El director Ejecutivo de la Fundaci\u00f3n Cha\u00f1aral de Aceituno. Miguel \u00c1ngel Alarc\u00f3n, explic\u00f3 que \u201cel objetivo principal de la Escuela de Mar 2026 fue entregar a los m\u00e1s chicos herramientas a trav\u00e9s de actividades extra program\u00e1ticas que los conectaran con el entorno mar\u00edtimo, con el fin de incentivar el deporte mar\u00edtimo y fomentar una relaci\u00f3n sana con los ecosistemas marinos. La actividad se desarroll\u00f3 en el contexto \u00fanico de la Reserva Nacional Ping\u00fcino de Humboldt, un lugar de alto valor ecol\u00f3gico\u201d.<\/p>\n<p>A lo largo de las jornadas, los ni\u00f1os y ni\u00f1as participaron en diversas actividades que les permitieron explorar el mar de manera segura y respetuosa, al mismo tiempo que aprendieron sobre la importancia de conservar los recursos naturales y la biodiversidad marina. Con esta experiencia, se busca brindar una visi\u00f3n a largo plazo de conservaci\u00f3n, deporte y bienestar, orientada a alejar a los j\u00f3venes de comportamientos nocivos como las drogas y el sedentarismo.<\/p>\n<p>Benjam\u00edn Oyarz\u00fan, instructor de la escuela coment\u00f3 que \u201cesto tiene mucho potencial y un trasfondo muy importante que es entregarles a los ni\u00f1os y ni\u00f1as de la caleta herramientas para que ellos puedan desarrollarse como deportistas y que tengan otra mirada de c\u00f3mo relacionarse con el mar\u201d.<\/p>\n<p>La Escuela de Mar 2026 tambi\u00e9n aspira a ser un semillero de futuros deportistas, preparando a los j\u00f3venes para una vida activa, saludable y comprometida con su entorno. A trav\u00e9s de este tipo de programas, la Fundaci\u00f3n Cha\u00f1aral de Aceituno reafirma su compromiso con la comunidad local, brindando alternativas para el desarrollo personal y social.<\/p>\n<p>Cristina Yavar, apoderada de una de las ni\u00f1as de la escuelita, afirm\u00f3 que \u201cme parece excelente no solo en los contenidos sino en los profesores que tuvieron. Fue una actividad necesaria para motivar a los ni\u00f1os no solo en habilidades acu\u00e1ticas sino tambi\u00e9n en m\u00e1s finas\u201d.<\/p>\n<p>Por su parte, Valeria Portus apoderada y due\u00f1a del emprendimiento La Mar (@lamarchile) destac\u00f3 que \u201ccon estas actividades se da una armon\u00eda con la cultura local que es b\u00e1sicamente mar, pero tambi\u00e9n asociada con los antiguos m\u00e9todos de navegaci\u00f3n\u201d.<\/p>\n<p>Sobre la fundaci\u00f3n, Portus subray\u00f3 que \u201ceste tipo de actividades son cosas que dejan a nuestras infancias m\u00e1s que un proyecto puntual como un contenedor, por ejemplo. Estas son ense\u00f1anzas de vida y es bien bonito que busquen m\u00e1s all\u00e1\u201d.<\/p>\n<p style=\"text-align: center;\"><strong>Un compromiso con la comunidad<\/strong><\/p>\n<p>Desde su creaci\u00f3n, la Fundaci\u00f3n Cha\u00f1aral de Aceituno ha trabajado incansablemente en proyectos que buscan mejorar la calidad de vida de la comunidad local. Adem\u00e1s de la Escuela de Mar, la Fundaci\u00f3n ha llevado a cabo operativos de salud, campa\u00f1as de limpieza, talleres de educaci\u00f3n ambiental y programas de cuidado para proteger la caleta y su biodiversidad. Su labor ha sido fundamental para fortalecer el tejido social de la zona y asegurar que las futuras generaciones cuenten con un entorno saludable y sostenible.<\/p>\n","protected":false},"excerpt":{"rendered":"<p>La Fundaci\u00f3n Cha\u00f1aral de Aceituno, en colaboraci\u00f3n con El Calet\u00f3n, emprendimiento local que busca acercar a las personas con la mar (@caleton.atacama), celebraron el cierre&hellip; <\/p>\n","protected":false},"author":7,"featured_media":99289,"comment_status":"closed","ping_status":"closed","sticky":false,"template":"","format":"standard","meta":{"footnotes":""},"categories":[7],"tags":[],"class_list":["post-99288","post","type-post","status-publish","format-standard","has-post-thumbnail","hentry","category-atacama"],"_links":{"self":[{"href":"https:\/\/www.radioamigavallenar.cl\/index.php?rest_route=\/wp\/v2\/posts\/99288","targetHints":{"allow":["GET"]}}],"collection":[{"href":"https:\/\/www.radioamigavallenar.cl\/index.php?rest_route=\/wp\/v2\/posts"}],"about":[{"href":"https:\/\/www.radioamigavallenar.cl\/index.php?rest_route=\/wp\/v2\/types\/post"}],"author":[{"embeddable":true,"href":"https:\/\/www.radioamigavallenar.cl\/index.php?rest_route=\/wp\/v2\/users\/7"}],"replies":[{"embeddable":true,"href":"https:\/\/www.radioamigavallenar.cl\/index.php?rest_route=%2Fwp%2Fv2%2Fcomments&post=99288"}],"version-history":[{"count":1,"href":"https:\/\/www.radioamigavallenar.cl\/index.php?rest_route=\/wp\/v2\/posts\/99288\/revisions"}],"predecessor-version":[{"id":99290,"href":"https:\/\/www.radioamigavallenar.cl\/index.php?rest_route=\/wp\/v2\/posts\/99288\/revisions\/99290"}],"wp:featuredmedia":[{"embeddable":true,"href":"https:\/\/www.radioamigavallenar.cl\/index.php?rest_route=\/wp\/v2\/media\/99289"}],"wp:attachment":[{"href":"https:\/\/www.radioamigavallenar.cl\/index.php?rest_route=%2Fwp%2Fv2%2Fmedia&parent=99288"}],"wp:term":[{"taxonomy":"category","embeddable":true,"href":"https:\/\/www.radioamigavallenar.cl\/index.php?rest_route=%2Fwp%2Fv2%2Fcategories&post=99288"},{"taxonomy":"post_tag","embeddable":true,"href":"https:\/\/www.radioamigavallenar.cl\/index.php?rest_route=%2Fwp%2Fv2%2Ftags&post=99288"}],"curies":[{"name":"wp","href":"https:\/\/api.w.org\/{rel}","templated":true}]}}