{"id":99279,"date":"2026-03-06T11:21:15","date_gmt":"2026-03-06T14:21:15","guid":{"rendered":"https:\/\/www.radioamigavallenar.cl\/?p=99279"},"modified":"2026-03-06T11:21:15","modified_gmt":"2026-03-06T14:21:15","slug":"yasna-provoste-dc-asegura-que-no-existio-acuerdo-por-sala-cuna-me-llamo-la-atencion-leer-algunos-tweets-del-presidente","status":"publish","type":"post","link":"https:\/\/www.radioamigavallenar.cl\/?p=99279","title":{"rendered":"Yasna Provoste (DC) asegura que no existi\u00f3 acuerdo por Sala Cuna: \u00abMe llam\u00f3 la atenci\u00f3n leer algunos tweets del Presidente\u00bb"},"content":{"rendered":"<p>Este viernes la s<strong>enadora relecta Yasna Provoste (DC)\u00a0<\/strong>se refiri\u00f3 a la pol\u00e9mica que se ha generado en torno al proyecto de ley de<strong>\u00a0Sala Cuna Universal.<\/strong><\/p>\n<p>La integrante de la comisi\u00f3n de Educaci\u00f3n indic\u00f3 en Mesa Central que\u00a0<strong>nunca se lleg\u00f3 a un acuerdo<\/strong>\u00a0por parte de la comisi\u00f3n y el Ejecutivo, asegurando que no se les hizo llegar ning\u00fan tipo de informaci\u00f3n.<\/p>\n<p>Hay que recordar que durante la \u00faltima citaci\u00f3n de la comisi\u00f3n, celebrada este mi\u00e9rcoles.\u00a0<strong>se fij\u00f3 hasta el 30 de marzo para presentar indicaciones.<\/strong><\/p>\n<p>La senadora se\u00f1al\u00f3 que \u00ablo que nosotros hemos realizado es un llamado a hacer pol\u00edtica en serio. En los tiempos que vienen hacer una oposici\u00f3n con una mirada larga y lo que pas\u00f3 en Sala Cuna fue todo lo contrario\u00bb.<\/p>\n<p>\u00abAqu\u00ed hubo un voluntarismo de \u00faltima hora del Gobierno que durante a\u00f1os nunca lleg\u00f3 con las indicaciones. A m\u00ed me llam\u00f3 la la atenci\u00f3n leer algunos<em>\u00a0tweets<\/em>\u00a0del presidente diciendo, \u00abTenemos listo el acuerdo y vamos a presentar las indicaciones. Y yo, que soy miembro de la Comisi\u00f3n de Educaci\u00f3n desde hace ya mucho tiempo, en donde se est\u00e1 viendo el proyecto,\u00a0<strong>s\u00e9 que no pueden haber indicaciones porque no no ten\u00edamos ni siquiera un plazo abierto en un periodo para presentarlo\u00bb,<\/strong>\u00a0asever\u00f3.<\/p>\n<p>En esa l\u00ednea, relat\u00f3 que \u00abme empec\u00e9 a preguntar con qui\u00e9n hab\u00edan llegado a acuerdo, porque conmigo nunca hab\u00edan conversado.<\/p>\n<p>Entonces, uno dice, \u00b4Ya est\u00e1 bien que yo no sea oficialista, que yo no sea parte de este gobierno, pero integro una comisi\u00f3n y conmigo nunca han conversado de este tema\u00b4\u00bb.<\/p>\n<p>\u00abPero le pregunto al presidente de la comisi\u00f3n militante de la UDI (Gustavo Sanhueza) y me dice, \u00b4<strong>No, yo no he llegado a acuerdo\u00b4.<\/strong>\u00a0Le pregunto a qui\u00e9n estaba a mi lado, al senador Fidel Espinoza (PS), oficialista y me dice, \u00b4<strong>Conmigo nunca han hablado\u00b4\u00bb<\/strong>, continu\u00f3.<\/p>\n<p>Posteriormente, manifest\u00f3 que \u00abaqu\u00ed, por lo menos, en la cocina que ustedes armaron nosotros nunca hemos sido invitados y somos los que estamos aqu\u00ed en la comisi\u00f3n\u00bb.<\/p>\n<p>\u00abAl final\u00a0<strong>no hay ni acuerdo, ni reuniones, ni indicaciones, solo operaciones comunicacionales, declaraciones de prensa.<\/strong>\u00a0Es como la pol\u00edtica de hacer un check y decir, \u00b4ya, lo hicimos\u00b4. Pero en el fondo no hay propuesta\u00bb, relat\u00f3.<\/p>\n<p>La senadora hizo hincapi\u00e9 en que \u00ablo que hemos construido en materia de educaci\u00f3n inicial en nuestro pa\u00eds ha sido el esfuerzo de muchos, de muchas, de muchas d\u00e9cadas y tenemos institucionalidad seria. Yo creo que aqu\u00ed la\u00a0<strong>comisi\u00f3n de Educaci\u00f3n ha tenido toda la disposici\u00f3n<\/strong>\u00a0y el actual gobierno quiere y puede presentar nuevas indicaciones\u00bb.<\/p>\n<p>\u00abA todo nos interesa que esto avance, pero nos interesa que sea una buena ley.<strong>\u00a0Perdimos 4 a\u00f1os con un gobierno que nunca lleg\u00f3 con algo serio.\u00a0<\/strong>Yo espero que no sigamos perdiendo el tiempo en esta materia\u00bb, finaliz\u00f3.<\/p>\n","protected":false},"excerpt":{"rendered":"<p>Este viernes la senadora relecta Yasna Provoste (DC)\u00a0se refiri\u00f3 a la pol\u00e9mica que se ha generado en torno al proyecto de ley de\u00a0Sala Cuna Universal.&hellip; <\/p>\n","protected":false},"author":7,"featured_media":99280,"comment_status":"closed","ping_status":"closed","sticky":false,"template":"","format":"standard","meta":{"footnotes":""},"categories":[7],"tags":[],"class_list":["post-99279","post","type-post","status-publish","format-standard","has-post-thumbnail","hentry","category-atacama"],"_links":{"self":[{"href":"https:\/\/www.radioamigavallenar.cl\/index.php?rest_route=\/wp\/v2\/posts\/99279","targetHints":{"allow":["GET"]}}],"collection":[{"href":"https:\/\/www.radioamigavallenar.cl\/index.php?rest_route=\/wp\/v2\/posts"}],"about":[{"href":"https:\/\/www.radioamigavallenar.cl\/index.php?rest_route=\/wp\/v2\/types\/post"}],"author":[{"embeddable":true,"href":"https:\/\/www.radioamigavallenar.cl\/index.php?rest_route=\/wp\/v2\/users\/7"}],"replies":[{"embeddable":true,"href":"https:\/\/www.radioamigavallenar.cl\/index.php?rest_route=%2Fwp%2Fv2%2Fcomments&post=99279"}],"version-history":[{"count":1,"href":"https:\/\/www.radioamigavallenar.cl\/index.php?rest_route=\/wp\/v2\/posts\/99279\/revisions"}],"predecessor-version":[{"id":99281,"href":"https:\/\/www.radioamigavallenar.cl\/index.php?rest_route=\/wp\/v2\/posts\/99279\/revisions\/99281"}],"wp:featuredmedia":[{"embeddable":true,"href":"https:\/\/www.radioamigavallenar.cl\/index.php?rest_route=\/wp\/v2\/media\/99280"}],"wp:attachment":[{"href":"https:\/\/www.radioamigavallenar.cl\/index.php?rest_route=%2Fwp%2Fv2%2Fmedia&parent=99279"}],"wp:term":[{"taxonomy":"category","embeddable":true,"href":"https:\/\/www.radioamigavallenar.cl\/index.php?rest_route=%2Fwp%2Fv2%2Fcategories&post=99279"},{"taxonomy":"post_tag","embeddable":true,"href":"https:\/\/www.radioamigavallenar.cl\/index.php?rest_route=%2Fwp%2Fv2%2Ftags&post=99279"}],"curies":[{"name":"wp","href":"https:\/\/api.w.org\/{rel}","templated":true}]}}