{"id":99276,"date":"2026-03-06T11:15:50","date_gmt":"2026-03-06T14:15:50","guid":{"rendered":"https:\/\/www.radioamigavallenar.cl\/?p=99276"},"modified":"2026-03-06T11:15:50","modified_gmt":"2026-03-06T14:15:50","slug":"detienen-a-sujeto-tras-robo-con-intimidacion-y-porte-de-arma-de-fuego-en-vallenar","status":"publish","type":"post","link":"https:\/\/www.radioamigavallenar.cl\/?p=99276","title":{"rendered":"Detienen a sujeto tras robo con intimidaci\u00f3n y porte de arma de fuego en Vallenar"},"content":{"rendered":"<p>Un delincuente menor de edad fue detenido por Carabineros en la comuna de Vallenar tras ser sindicado como uno de los participantes de un robo con intimidaci\u00f3n ocurrido durante la noche del jueves en las cercan\u00edas de la Ruta 5 Norte.<\/p>\n<p>El procedimiento se inici\u00f3 luego de que las v\u00edctimas realizaran un llamado a Carabineros de la 3\u00aa Comisar\u00eda de Vallenar, alertando sobre el delito. La oportuna denuncia permiti\u00f3 que personal policial acudiera r\u00e1pidamente al lugar y lograra la detenci\u00f3n de uno de los involucrados.<\/p>\n<p>Seg\u00fan los antecedentes, el hecho ocurri\u00f3 cerca de la medianoche, cuando Carabineros fue alertado sobre un robo de veh\u00edculo ocurrido a un costado del servicentro ubicado en el kil\u00f3metro 660 de la Ruta 5 Norte.<\/p>\n<div class=\"code-block code-block-5\">\n<div id=\"sas_99435\"><\/div>\n<\/div>\n<p>Al llegar al lugar, los funcionarios constataron la presencia de dos v\u00edctimas que se movilizaban en una camioneta. De acuerdo con el relato, ambos fueron interceptados por dos sujetos que, portando un arma de fuego, los intimidaron para obligarlos a descender del veh\u00edculo.<\/p>\n<p>No obstante, debido al sistema de encendido del m\u00f3vil, los individuos no lograron concretar el robo, quedando el veh\u00edculo en el lugar. Tras el intento fallido, uno de los sujetos escap\u00f3 del sitio, mientras que el segundo fue alcanzado y detenido por personal de Carabineros en el mismo lugar del procedimiento.<\/p>\n<p>El imputado fue identificado con las iniciales L.S.A.G.G., de 17 a\u00f1os; Durante el registro de sus vestimentas, los funcionarios encontraron una pistola calibre 8 mil\u00edmetros, la cual no presentaba n\u00famero de serie.<\/p>\n<p>Desde la instituci\u00f3n policial se inform\u00f3 adem\u00e1s que las v\u00edctimas no resultaron con lesiones producto del hecho, en tanto el delincuente qued\u00f3 en manos de la justicia.<\/p>\n","protected":false},"excerpt":{"rendered":"<p>Un delincuente menor de edad fue detenido por Carabineros en la comuna de Vallenar tras ser sindicado como uno de los participantes de un robo&hellip; <\/p>\n","protected":false},"author":7,"featured_media":99277,"comment_status":"closed","ping_status":"closed","sticky":false,"template":"","format":"standard","meta":{"footnotes":""},"categories":[38],"tags":[],"class_list":["post-99276","post","type-post","status-publish","format-standard","has-post-thumbnail","hentry","category-portada-regional"],"_links":{"self":[{"href":"https:\/\/www.radioamigavallenar.cl\/index.php?rest_route=\/wp\/v2\/posts\/99276","targetHints":{"allow":["GET"]}}],"collection":[{"href":"https:\/\/www.radioamigavallenar.cl\/index.php?rest_route=\/wp\/v2\/posts"}],"about":[{"href":"https:\/\/www.radioamigavallenar.cl\/index.php?rest_route=\/wp\/v2\/types\/post"}],"author":[{"embeddable":true,"href":"https:\/\/www.radioamigavallenar.cl\/index.php?rest_route=\/wp\/v2\/users\/7"}],"replies":[{"embeddable":true,"href":"https:\/\/www.radioamigavallenar.cl\/index.php?rest_route=%2Fwp%2Fv2%2Fcomments&post=99276"}],"version-history":[{"count":1,"href":"https:\/\/www.radioamigavallenar.cl\/index.php?rest_route=\/wp\/v2\/posts\/99276\/revisions"}],"predecessor-version":[{"id":99278,"href":"https:\/\/www.radioamigavallenar.cl\/index.php?rest_route=\/wp\/v2\/posts\/99276\/revisions\/99278"}],"wp:featuredmedia":[{"embeddable":true,"href":"https:\/\/www.radioamigavallenar.cl\/index.php?rest_route=\/wp\/v2\/media\/99277"}],"wp:attachment":[{"href":"https:\/\/www.radioamigavallenar.cl\/index.php?rest_route=%2Fwp%2Fv2%2Fmedia&parent=99276"}],"wp:term":[{"taxonomy":"category","embeddable":true,"href":"https:\/\/www.radioamigavallenar.cl\/index.php?rest_route=%2Fwp%2Fv2%2Fcategories&post=99276"},{"taxonomy":"post_tag","embeddable":true,"href":"https:\/\/www.radioamigavallenar.cl\/index.php?rest_route=%2Fwp%2Fv2%2Ftags&post=99276"}],"curies":[{"name":"wp","href":"https:\/\/api.w.org\/{rel}","templated":true}]}}