{"id":99273,"date":"2026-03-06T11:14:34","date_gmt":"2026-03-06T14:14:34","guid":{"rendered":"https:\/\/www.radioamigavallenar.cl\/?p=99273"},"modified":"2026-03-06T11:14:34","modified_gmt":"2026-03-06T14:14:34","slug":"junta-de-vecinos-padre-luis-gil-de-vallenar-es-reconocida-como-lider-en-reciclaje-de-aceite-domestico","status":"publish","type":"post","link":"https:\/\/www.radioamigavallenar.cl\/?p=99273","title":{"rendered":"Junta de vecinos Padre Luis Gil de Vallenar es reconocida como \u201cL\u00edder en reciclaje de aceite dom\u00e9stico\u201d"},"content":{"rendered":"<p>\u00b7 Programa es impulsado por Nueva Atacama en conjunto con organizaciones vecinales de la regi\u00f3n.<\/p>\n<p>Con m\u00e1s de 300 litros de aceite domiciliario reciclado durante 2025, la Junta de Vecinos Padre Luis Gil Selelles de Vallenar fue reconocida por la sanitaria Nueva Atacama como la comunidad que m\u00e1s aport\u00f3 al programa regional de reciclaje de aceite de uso dom\u00e9stico, gracias al punto limpio habilitado en su sede social y a la activa participaci\u00f3n de sus vecinos.<\/p>\n<p>La distinci\u00f3n, que por primera vez contempl\u00f3 la entrega del sello \u201cComunidad L\u00edder en Reciclaje de Aceite Domiciliario\u201d, forma parte de una iniciativa ambiental que la sanitaria desarrolla en la Regi\u00f3n de Atacama, en alianza con juntas de vecinos, para promover la correcta disposici\u00f3n de este residuo en los hogares.<\/p>\n<p>Al respecto, el jefe del departamento de Comunicaciones y Comunidades de Nueva Atacama, Rodrigo V\u00e1squez, destac\u00f3 que: \u201cEste reconocimiento busca destacar a las organizaciones que se involucran activamente en el reciclaje de aceite domiciliario. Felicitaciones a los vecinos por tomar este desaf\u00edo y convertirlo en un compromiso real con el medio ambiente y su entorno\u201d.<\/p>\n<p>El reciclaje de aceite dom\u00e9stico cumple un rol clave en la protecci\u00f3n de las fuentes naturales de agua y en la mantenci\u00f3n del sistema sanitario, ya que evita la acumulaci\u00f3n de grasas en las tuber\u00edas.<\/p>\n<p>\u201cComo empresa impulsamos permanentemente campa\u00f1as de concientizaci\u00f3n para el cuidado del alcantarillado, ya que hasta un 90% de las obstrucciones y reboses se originan por un uso inadecuado del sistema, principalmente por el ingreso de basura, grasas o elementos que no corresponden\u201d, enfatiza Rodrigo V\u00e1squez.<\/p>\n<p style=\"text-align: center;\"><strong>Otros puntos en la regi\u00f3n<\/strong><\/p>\n<p>Actualmente, la iniciativa de reciclaje cuenta con ocho puntos de recolecci\u00f3n instalados en sedes vecinales de Caldera, Copiap\u00f3 y Vallenar, adem\u00e1s de un punto habilitado en el Paseo de la Cultura de Tierra Amarilla, en alianza con la Municipalidad.<\/p>\n<p>Desde la implementaci\u00f3n del programa, m\u00e1s de 4.562 litros de aceite dom\u00e9stico han sido recuperados en la regi\u00f3n de Atacama. El material recolectado es retirado por una empresa especializada para su posterior transformaci\u00f3n en insumos destinados a la producci\u00f3n de<\/p>\n<p>biocombustible, fortaleciendo as\u00ed un modelo de econom\u00eda circular que vincula comunidad, gesti\u00f3n sanitaria, reciclaje y educaci\u00f3n ambiental.<\/p>\n","protected":false},"excerpt":{"rendered":"<p>\u00b7 Programa es impulsado por Nueva Atacama en conjunto con organizaciones vecinales de la regi\u00f3n. Con m\u00e1s de 300 litros de aceite domiciliario reciclado durante&hellip; <\/p>\n","protected":false},"author":7,"featured_media":99274,"comment_status":"closed","ping_status":"closed","sticky":false,"template":"","format":"standard","meta":{"footnotes":""},"categories":[7],"tags":[],"class_list":["post-99273","post","type-post","status-publish","format-standard","has-post-thumbnail","hentry","category-atacama"],"_links":{"self":[{"href":"https:\/\/www.radioamigavallenar.cl\/index.php?rest_route=\/wp\/v2\/posts\/99273","targetHints":{"allow":["GET"]}}],"collection":[{"href":"https:\/\/www.radioamigavallenar.cl\/index.php?rest_route=\/wp\/v2\/posts"}],"about":[{"href":"https:\/\/www.radioamigavallenar.cl\/index.php?rest_route=\/wp\/v2\/types\/post"}],"author":[{"embeddable":true,"href":"https:\/\/www.radioamigavallenar.cl\/index.php?rest_route=\/wp\/v2\/users\/7"}],"replies":[{"embeddable":true,"href":"https:\/\/www.radioamigavallenar.cl\/index.php?rest_route=%2Fwp%2Fv2%2Fcomments&post=99273"}],"version-history":[{"count":1,"href":"https:\/\/www.radioamigavallenar.cl\/index.php?rest_route=\/wp\/v2\/posts\/99273\/revisions"}],"predecessor-version":[{"id":99275,"href":"https:\/\/www.radioamigavallenar.cl\/index.php?rest_route=\/wp\/v2\/posts\/99273\/revisions\/99275"}],"wp:featuredmedia":[{"embeddable":true,"href":"https:\/\/www.radioamigavallenar.cl\/index.php?rest_route=\/wp\/v2\/media\/99274"}],"wp:attachment":[{"href":"https:\/\/www.radioamigavallenar.cl\/index.php?rest_route=%2Fwp%2Fv2%2Fmedia&parent=99273"}],"wp:term":[{"taxonomy":"category","embeddable":true,"href":"https:\/\/www.radioamigavallenar.cl\/index.php?rest_route=%2Fwp%2Fv2%2Fcategories&post=99273"},{"taxonomy":"post_tag","embeddable":true,"href":"https:\/\/www.radioamigavallenar.cl\/index.php?rest_route=%2Fwp%2Fv2%2Ftags&post=99273"}],"curies":[{"name":"wp","href":"https:\/\/api.w.org\/{rel}","templated":true}]}}