{"id":99267,"date":"2026-03-06T11:04:40","date_gmt":"2026-03-06T14:04:40","guid":{"rendered":"https:\/\/www.radioamigavallenar.cl\/?p=99267"},"modified":"2026-03-06T11:04:40","modified_gmt":"2026-03-06T14:04:40","slug":"el-petroleo-sigue-subiendo-por-la-guerra-en-medio-oriente-y-el-brent-amenaza-con-tocar-los-us90","status":"publish","type":"post","link":"https:\/\/www.radioamigavallenar.cl\/?p=99267","title":{"rendered":"El petr\u00f3leo sigue subiendo por la guerra en Medio Oriente y el brent amenaza con tocar los US$90"},"content":{"rendered":"<p>El\u00a0<strong>petr\u00f3leo brent<\/strong>\u00a0para entrega en mayo volvi\u00f3 a repuntar este viernes en el Mercado de Futuros de Londres\u00a0<span class=\"destacador destacado\">m\u00e1s de un 4% y super\u00f3 los US$89 por barril,<\/span>\u00a0tras caer ligeramente en la apertura ante la posibilidad de que Estados Unidos tomase medidas para controlar los efectos que la guerra contra Ir\u00e1n est\u00e1 teniendo sobre los precios del crudo.<\/p>\n<p>El crudo del mar del Norte, de referencia en Europa, bajaba el 0,40% a las 06.00 horas (GMT) en el International Exchange (ICE) londinense, hasta los US$85,07 por barril, para despu\u00e9s\u00a0<strong>ir remontando hasta un 4,74%, hasta los US$89.46 el barril a las 12:49 GMT,<\/strong>\u00a0debido, en parte, a un supuesto giro en la pol\u00edtica de la Administraci\u00f3n estadounidense.<\/p>\n<p>Tal comportamiento alcista en los precios del crudo tambi\u00e9n se aprecia en el\u00a0<strong>WTI,<\/strong>\u00a0de referencia en Estados Unidos, que a las 7:52 EST\u00a0<strong>sub\u00eda 6,36% hasta los US$86,16 seg\u00fan\u00a0<a href=\"https:\/\/www.marketwatch.com\/investing\/future\/cl.1\" target=\"_blank\" rel=\"noopener\">MarketWatch.<\/a><\/strong><\/p>\n<h2 style=\"text-align: center;\">Nada detiene al precio del petr\u00f3leo<\/h2>\n<p>Seg\u00fan informaciones de\u00a0<a href=\"https:\/\/bloomberg.com\/\" target=\"_blank\" rel=\"noopener\">Bloomberg,<\/a>\u00a0el presidente Donald Trump podr\u00eda descartar ahora que el Departamento del Tesoro\u00a0<strong>negocie futuros del petr\u00f3leo,<\/strong>\u00a0mientras el gobierno busca medidas para contener los precios de la energ\u00eda, que han aumentado por el conflicto en Oriente Medio.<\/p>\n<p>En la v\u00edspera, el brent se dispar\u00f3 casi un 5%, y finaliz\u00f3 en US$85,41, situ\u00e1ndose en sus niveles m\u00e1ximos desde julio de 2024 mientras se mantiene la incertidumbre sobre la duraci\u00f3n y la escalada de la guerra y el miedo a las interrupciones de suministro del petr\u00f3leo y gas.<\/p>\n<p>Trump ya asegur\u00f3 este jueves que\u00a0<span class=\"destacador destacado\">su Gobierno tomar\u00e1\u00a0<strong>\u201cde manera inminente\u201d medidas para controlar los efectos de la guerra sobre los precios del crudo,<\/strong>\u00a0aunque no ofreci\u00f3 m\u00e1s detalles por el momento<\/span>.<\/p>\n<p>Asimismo, hab\u00eda anunciado ya que la Corporaci\u00f3n Financiera para el Desarrollo de Estados Unidos (DFC) proporcionar\u00e1 \u201ca un precio muy razonable\u201d seguros y garant\u00edas contra riesgos pol\u00edticos a cualquier naviera que navegue por el estrecho de Ormuz, e incluso ofreci\u00f3 escoltas militares a los buques en la regi\u00f3n.<\/p>\n<p><strong>Ormuz es el \u00fanico paso mar\u00edtimo<\/strong>\u00a0que conecta el golfo P\u00e9rsico con el golfo de Om\u00e1n y el oc\u00e9ano \u00cdndico, y por\u00a0<span class=\"destacador destacado\">all\u00ed circula el\u00a0<strong>20% del crudo mundial.<\/strong><\/span><\/p>\n","protected":false},"excerpt":{"rendered":"<p>El\u00a0petr\u00f3leo brent\u00a0para entrega en mayo volvi\u00f3 a repuntar este viernes en el Mercado de Futuros de Londres\u00a0m\u00e1s de un 4% y super\u00f3 los US$89 por&hellip; <\/p>\n","protected":false},"author":7,"featured_media":99268,"comment_status":"closed","ping_status":"closed","sticky":false,"template":"","format":"standard","meta":{"footnotes":""},"categories":[37],"tags":[],"class_list":["post-99267","post","type-post","status-publish","format-standard","has-post-thumbnail","hentry","category-nacional"],"_links":{"self":[{"href":"https:\/\/www.radioamigavallenar.cl\/index.php?rest_route=\/wp\/v2\/posts\/99267","targetHints":{"allow":["GET"]}}],"collection":[{"href":"https:\/\/www.radioamigavallenar.cl\/index.php?rest_route=\/wp\/v2\/posts"}],"about":[{"href":"https:\/\/www.radioamigavallenar.cl\/index.php?rest_route=\/wp\/v2\/types\/post"}],"author":[{"embeddable":true,"href":"https:\/\/www.radioamigavallenar.cl\/index.php?rest_route=\/wp\/v2\/users\/7"}],"replies":[{"embeddable":true,"href":"https:\/\/www.radioamigavallenar.cl\/index.php?rest_route=%2Fwp%2Fv2%2Fcomments&post=99267"}],"version-history":[{"count":1,"href":"https:\/\/www.radioamigavallenar.cl\/index.php?rest_route=\/wp\/v2\/posts\/99267\/revisions"}],"predecessor-version":[{"id":99269,"href":"https:\/\/www.radioamigavallenar.cl\/index.php?rest_route=\/wp\/v2\/posts\/99267\/revisions\/99269"}],"wp:featuredmedia":[{"embeddable":true,"href":"https:\/\/www.radioamigavallenar.cl\/index.php?rest_route=\/wp\/v2\/media\/99268"}],"wp:attachment":[{"href":"https:\/\/www.radioamigavallenar.cl\/index.php?rest_route=%2Fwp%2Fv2%2Fmedia&parent=99267"}],"wp:term":[{"taxonomy":"category","embeddable":true,"href":"https:\/\/www.radioamigavallenar.cl\/index.php?rest_route=%2Fwp%2Fv2%2Fcategories&post=99267"},{"taxonomy":"post_tag","embeddable":true,"href":"https:\/\/www.radioamigavallenar.cl\/index.php?rest_route=%2Fwp%2Fv2%2Ftags&post=99267"}],"curies":[{"name":"wp","href":"https:\/\/api.w.org\/{rel}","templated":true}]}}