{"id":99264,"date":"2026-03-06T09:40:39","date_gmt":"2026-03-06T12:40:39","guid":{"rendered":"https:\/\/www.radioamigavallenar.cl\/?p=99264"},"modified":"2026-03-06T09:40:39","modified_gmt":"2026-03-06T12:40:39","slug":"proponen-crear-mesa-agricola-para-fortalecer-desarrollo-de-la-agricultura-en-alto-del-carmen","status":"publish","type":"post","link":"https:\/\/www.radioamigavallenar.cl\/?p=99264","title":{"rendered":"Proponen crear mesa agr\u00edcola para fortalecer desarrollo de la agricultura en Alto del Carmen"},"content":{"rendered":"<p>Una importante reuni\u00f3n sostuvo la semana reci\u00e9n pasada el alcalde de la comuna, Cristian Olivares, junto a hortaliceros y peque\u00f1os agricultores del territorio, con el objetivo de recoger sus principales necesidades, inquietudes y propuestas, avanzando as\u00ed en la construcci\u00f3n de un plan de trabajo conjunto para el fortalecimiento del sector.<\/p>\n<p>Durante el encuentro, los productores manifestaron su preocupaci\u00f3n por los bajos precios que obtienen al comercializar sus productos en sus propios predios, planteando la necesidad de generar nuevas instancias que les permitan vender fuera de la comuna y acceder a mejores mercados.<\/p>\n<p>Asimismo, expusieron la compleja situaci\u00f3n derivada del alto costo de los insumos agr\u00edcolas y solicitaron mayor apoyo en recursos para enfrentar esta realidad. Tambi\u00e9n consultaron por el estado de avance de los apoyos comprometidos por el Instituto de Desarrollo Agropecuario (INDAP) y manifestaron su preocupaci\u00f3n ante eventuales procesos de extracci\u00f3n minera que podr\u00edan poner en riesgo el recurso h\u00eddrico, elemento clave para el desarrollo productivo local.<\/p>\n<p>Propuesta de Mesa Agr\u00edcola Comunal<\/p>\n<p>En la instancia, el alcalde Olivares propuso la creaci\u00f3n de una Mesa Agr\u00edcola Comunal, con el fin de articular un trabajo coordinado junto a las autoridades competentes. Esta mesa se concretar\u00eda en el corto plazo, una vez que asuman las nuevas autoridades, y convocar\u00e1 a representantes comunales, provinciales y regionales, marcando un paso concreto hacia el fortalecimiento del sector agr\u00edcola local.<\/p>\n<p>Apoyo a la comercializaci\u00f3n y asociatividad<\/p>\n<p>La autoridad comunal invit\u00f3 adem\u00e1s a los productores a utilizar el Mercado Municipal como espacio para la venta directa de sus productos, y expres\u00f3 su intenci\u00f3n de apoyar a peque\u00f1os agricultores que no sean usuarios de INDAP a trav\u00e9s del programa de fomento productivo municipal.<\/p>\n<p>Asimismo, propuso la conformaci\u00f3n de una agrupaci\u00f3n de hortaliceros y peque\u00f1os agricultores de la comuna o de grupos productivos, destacando que una organizaci\u00f3n formal permitir\u00eda acceder a infraestructura y tecnolog\u00eda compartida, mejorar las oportunidades de financiamiento y apoyo institucional, y fortalecer su presencia frente a autoridades, compradores y programas p\u00fablicos, lo que podr\u00eda traducirse en m\u00e1s oportunidades de venta y alianzas estrat\u00e9gicas.<\/p>\n<p>La iniciativa fue bien recibida por los asistentes y ya cuenta con fecha programada para su primera reuni\u00f3n, dando inicio a una nueva etapa de trabajo colaborativo para el desarrollo agr\u00edcola de la comuna.<\/p>\n","protected":false},"excerpt":{"rendered":"<p>Una importante reuni\u00f3n sostuvo la semana reci\u00e9n pasada el alcalde de la comuna, Cristian Olivares, junto a hortaliceros y peque\u00f1os agricultores del territorio, con el&hellip; <\/p>\n","protected":false},"author":7,"featured_media":99265,"comment_status":"closed","ping_status":"closed","sticky":false,"template":"","format":"standard","meta":{"footnotes":""},"categories":[38],"tags":[],"class_list":["post-99264","post","type-post","status-publish","format-standard","has-post-thumbnail","hentry","category-portada-regional"],"_links":{"self":[{"href":"https:\/\/www.radioamigavallenar.cl\/index.php?rest_route=\/wp\/v2\/posts\/99264","targetHints":{"allow":["GET"]}}],"collection":[{"href":"https:\/\/www.radioamigavallenar.cl\/index.php?rest_route=\/wp\/v2\/posts"}],"about":[{"href":"https:\/\/www.radioamigavallenar.cl\/index.php?rest_route=\/wp\/v2\/types\/post"}],"author":[{"embeddable":true,"href":"https:\/\/www.radioamigavallenar.cl\/index.php?rest_route=\/wp\/v2\/users\/7"}],"replies":[{"embeddable":true,"href":"https:\/\/www.radioamigavallenar.cl\/index.php?rest_route=%2Fwp%2Fv2%2Fcomments&post=99264"}],"version-history":[{"count":1,"href":"https:\/\/www.radioamigavallenar.cl\/index.php?rest_route=\/wp\/v2\/posts\/99264\/revisions"}],"predecessor-version":[{"id":99266,"href":"https:\/\/www.radioamigavallenar.cl\/index.php?rest_route=\/wp\/v2\/posts\/99264\/revisions\/99266"}],"wp:featuredmedia":[{"embeddable":true,"href":"https:\/\/www.radioamigavallenar.cl\/index.php?rest_route=\/wp\/v2\/media\/99265"}],"wp:attachment":[{"href":"https:\/\/www.radioamigavallenar.cl\/index.php?rest_route=%2Fwp%2Fv2%2Fmedia&parent=99264"}],"wp:term":[{"taxonomy":"category","embeddable":true,"href":"https:\/\/www.radioamigavallenar.cl\/index.php?rest_route=%2Fwp%2Fv2%2Fcategories&post=99264"},{"taxonomy":"post_tag","embeddable":true,"href":"https:\/\/www.radioamigavallenar.cl\/index.php?rest_route=%2Fwp%2Fv2%2Ftags&post=99264"}],"curies":[{"name":"wp","href":"https:\/\/api.w.org\/{rel}","templated":true}]}}