{"id":99261,"date":"2026-03-06T09:39:29","date_gmt":"2026-03-06T12:39:29","guid":{"rendered":"https:\/\/www.radioamigavallenar.cl\/?p=99261"},"modified":"2026-03-06T09:39:29","modified_gmt":"2026-03-06T12:39:29","slug":"proyecto-de-sondaje-en-atacama-inicia-proceso-de-evaluacion-ambiental","status":"publish","type":"post","link":"https:\/\/www.radioamigavallenar.cl\/?p=99261","title":{"rendered":"Proyecto de sondaje en Atacama inicia proceso de evaluaci\u00f3n ambiental"},"content":{"rendered":"<p>La Direcci\u00f3n Regional del Servicio de Evaluaci\u00f3n Ambiental (SEA) de Atacama acogi\u00f3 a tr\u00e1mite la Declaraci\u00f3n de Impacto Ambiental (DIA) del proyecto \u00abSondajes de Prospecci\u00f3n Carmen Cu\u00ab, presentada por Carmen Copper SpA.<\/p>\n<p>Con una inversi\u00f3n de US$25 millones, la iniciativa consiste en el desarrollo de una prospecci\u00f3n minera del tipo Aire reverso (RC) y diamantina (DDH) que busca incrementar la certeza sobre el potencial del recurso met\u00e1lico mediante la ejecuci\u00f3n de sondajes mineros con el fin de delimitar el recurso y reservas mineras. Para esto, se contempla la habilitaci\u00f3n de 137 plataformas, abarcando una superficie estimada de 70 hect\u00e1reas, con una superficie de intervenci\u00f3n directa de 11ha.<\/p>\n<p>El proyecto se localiza en la precordillera de la Regi\u00f3n de Atacama, en Alto del Carmen, espec\u00edficamente al noreste de la comuna, en la cima de la ladera noroeste de la Quebrada El Tabaco, a 2.000-2.200 metros de altura (m.s.n.m aproximado), a 11,3 km aprox. al noreste de la cabecera comunal Alto del Carmen.<\/p>\n<p>Como ruta de acceso se utilizar\u00e1 la Ruta C-495, v\u00eda p\u00fablica existente administrada por la Direcci\u00f3n de Vialidad del Ministerio de Obras P\u00fablicas, la cual conecta la localidad de Alto del Carmen con el sector El Tr\u00e1nsito. Desde esta ruta se emplear\u00e1 un camino de acceso preexistente en la ladera noroeste de la Quebrada El Tabaco, que permite llegar al \u00e1rea de emplazamiento del proyecto.<\/p>\n","protected":false},"excerpt":{"rendered":"<p>La Direcci\u00f3n Regional del Servicio de Evaluaci\u00f3n Ambiental (SEA) de Atacama acogi\u00f3 a tr\u00e1mite la Declaraci\u00f3n de Impacto Ambiental (DIA) del proyecto \u00abSondajes de Prospecci\u00f3n&hellip; <\/p>\n","protected":false},"author":7,"featured_media":99262,"comment_status":"closed","ping_status":"closed","sticky":false,"template":"","format":"standard","meta":{"footnotes":""},"categories":[38],"tags":[],"class_list":["post-99261","post","type-post","status-publish","format-standard","has-post-thumbnail","hentry","category-portada-regional"],"_links":{"self":[{"href":"https:\/\/www.radioamigavallenar.cl\/index.php?rest_route=\/wp\/v2\/posts\/99261","targetHints":{"allow":["GET"]}}],"collection":[{"href":"https:\/\/www.radioamigavallenar.cl\/index.php?rest_route=\/wp\/v2\/posts"}],"about":[{"href":"https:\/\/www.radioamigavallenar.cl\/index.php?rest_route=\/wp\/v2\/types\/post"}],"author":[{"embeddable":true,"href":"https:\/\/www.radioamigavallenar.cl\/index.php?rest_route=\/wp\/v2\/users\/7"}],"replies":[{"embeddable":true,"href":"https:\/\/www.radioamigavallenar.cl\/index.php?rest_route=%2Fwp%2Fv2%2Fcomments&post=99261"}],"version-history":[{"count":1,"href":"https:\/\/www.radioamigavallenar.cl\/index.php?rest_route=\/wp\/v2\/posts\/99261\/revisions"}],"predecessor-version":[{"id":99263,"href":"https:\/\/www.radioamigavallenar.cl\/index.php?rest_route=\/wp\/v2\/posts\/99261\/revisions\/99263"}],"wp:featuredmedia":[{"embeddable":true,"href":"https:\/\/www.radioamigavallenar.cl\/index.php?rest_route=\/wp\/v2\/media\/99262"}],"wp:attachment":[{"href":"https:\/\/www.radioamigavallenar.cl\/index.php?rest_route=%2Fwp%2Fv2%2Fmedia&parent=99261"}],"wp:term":[{"taxonomy":"category","embeddable":true,"href":"https:\/\/www.radioamigavallenar.cl\/index.php?rest_route=%2Fwp%2Fv2%2Fcategories&post=99261"},{"taxonomy":"post_tag","embeddable":true,"href":"https:\/\/www.radioamigavallenar.cl\/index.php?rest_route=%2Fwp%2Fv2%2Ftags&post=99261"}],"curies":[{"name":"wp","href":"https:\/\/api.w.org\/{rel}","templated":true}]}}