{"id":99258,"date":"2026-03-06T09:37:13","date_gmt":"2026-03-06T12:37:13","guid":{"rendered":"https:\/\/www.radioamigavallenar.cl\/?p=99258"},"modified":"2026-03-06T09:37:13","modified_gmt":"2026-03-06T12:37:13","slug":"millonaria-inversion-en-convenios-de-programacion-de-salud-y-educacion-para-la-provincia-del-huasco","status":"publish","type":"post","link":"https:\/\/www.radioamigavallenar.cl\/?p=99258","title":{"rendered":"Millonaria inversi\u00f3n en convenios de programaci\u00f3n de salud y educaci\u00f3n para la provincia del Huasco"},"content":{"rendered":"<p>El Consejo Regional de Atacama aprob\u00f3 el Convenio de Programaci\u00f3n entre el Gobierno Regional de Atacama y el Ministerio de Salud, cuyo objetivo es financiar infraestructura, adquisici\u00f3n de veh\u00edculos y equipamiento para fortalecer el sistema de salud en toda la regi\u00f3n.<br \/>\nEl convenio contempla una inversi\u00f3n total de M$ 489.215.637, de los cuales, M$ 206.687.870 corresponden a recursos FNDR (42%), $ 282.527.767 a recursos sectoriales (58%)<\/p>\n<p>Este acuerdo tendr\u00e1 una vigencia de 8 a\u00f1os, desde 2026 hasta 2033. El presidente (S) del Consejo Regional de Atacama, Consejero Regional Juan Santana, se\u00f1al\u00f3 que \u201cse aprob\u00f3 un convenio de programaci\u00f3n hist\u00f3rico entre el Gobierno Regional y el Ministerio de Salud por casi 500 mil millones de pesos para ejecutar obras durante los pr\u00f3ximos 8 a\u00f1os, mejorar los hospitales, terminar el Centro Oncol\u00f3gico y avanzar en las postas rurales para quienes viven lejos de las capitales tengan una posta como se merecen y una respuesta de salud del Estado\u201d.<\/p>\n<p>Entre los proyectos aprobados destacan inversiones orientadas al fortalecimiento de la infraestructura y equipamiento en establecimientos educacionales, as\u00ed como tambi\u00e9n recursos destinados al \u00e1rea de la salud, permitiendo mejorar la atenci\u00f3n y las condiciones en que se prestan los servicios a la comunidad. Estas iniciativas forman parte de la planificaci\u00f3n regional que busca avanzar en el desarrollo equilibrado de las distintas provincias de Atacama.<\/p>\n<p>En este contexto, se destac\u00f3 el rol desempe\u00f1ado por los consejeros regionales de la provincia del Huasco, quienes impulsaron activamente la priorizaci\u00f3n de estas iniciativas dentro del Consejo Regional. El Presidente de la Comisi\u00f3n de Salud, Igor Verdugo, se\u00f1al\u00f3 que \u201cquiero recalcar el trabajo realizado por la Comisi\u00f3n de Salud del Consejo Regional y por la Direcci\u00f3n de Salud, ya que este convenio es fruto de un trabajo conjunto con los municipios y los recintos hospitalarios de la regi\u00f3n, desde donde se levantaron las iniciativas que hoy componen este Convenio de Programaci\u00f3n.<\/p>\n<p>Fueron largas jornadas de trabajo para llegar a un producto que representa el sentir de la ciudadan\u00eda. En mi calidad de Presidente de la Comisi\u00f3n de Salud, realizaremos un seguimiento peri\u00f3dico de este convenio para asegurar que las iniciativas comprometidas se concreten\u201d. En materia educacional, los recursos permitir\u00e1n avanzar en mejoras de infraestructura, equipamiento y condiciones de los establecimientos, contribuyendo a generar espacios adecuados para el aprendizaje de ni\u00f1as, ni\u00f1os y j\u00f3venes. La inversi\u00f3n busca apoyar el desarrollo del sistema educativo local y fortalecer la calidad de la educaci\u00f3n p\u00fablica en el territorio.<\/p>\n<p>Por otra parte, en el \u00e1mbito de la salud, los recursos aprobados permitir\u00e1n mejorar la capacidad de respuesta del sistema sanitario, fortaleciendo la atenci\u00f3n que reciben los habitantes de la provincia del Huasco. Estas inversiones apuntan a optimizar los servicios disponibles y garantizar mejores condiciones para usuarios y funcionarios del sector.<\/p>\n<p>El Presidente de la Comisi\u00f3n de Inversiones, Consejero Sr. Fernando Ghiglino, indic\u00f3 que \u201cen mi calidad de presidente de la Comisi\u00f3n de Inversiones del Consejo Regional de Atacama, me encuentro muy satisfecho con la aprobaci\u00f3n un\u00e1nime de estos convenios de programaci\u00f3n en salud por m\u00e1s de 480 mil millones de pesos y en educaci\u00f3n con el SLEP Huasco por 25 mil millones, adem\u00e1s de la declaratoria SIPAM. Es una gran apuesta del Consejo Regional que busca el bienestar de cada uno de los atacame\u00f1os, abordando iniciativas en temas tan relevantes como salud y educaci\u00f3n\u201d.<\/p>\n<p>Desde el Consejo Regional se ha se\u00f1alado que continuar avanzando en proyectos que impacten directamente en la calidad de vida de las personas es una prioridad, especialmente en territorios como la provincia del Huasco, donde el acceso a servicios de calidad resulta fundamental para el desarrollo local.<\/p>\n<p>Finalmente, los consejeros reiteraron su compromiso de seguir trabajando para que nuevas iniciativas puedan concretarse en beneficio de las comunidades de Alto del Carmen, Vallenar, Freirina y Huasco, destacando que la coordinaci\u00f3n entre autoridades regionales y locales es clave para seguir impulsando el progreso de la provincia.<\/p>\n","protected":false},"excerpt":{"rendered":"<p>El Consejo Regional de Atacama aprob\u00f3 el Convenio de Programaci\u00f3n entre el Gobierno Regional de Atacama y el Ministerio de Salud, cuyo objetivo es financiar&hellip; <\/p>\n","protected":false},"author":7,"featured_media":99259,"comment_status":"closed","ping_status":"closed","sticky":false,"template":"","format":"standard","meta":{"footnotes":""},"categories":[7],"tags":[],"class_list":["post-99258","post","type-post","status-publish","format-standard","has-post-thumbnail","hentry","category-atacama"],"_links":{"self":[{"href":"https:\/\/www.radioamigavallenar.cl\/index.php?rest_route=\/wp\/v2\/posts\/99258","targetHints":{"allow":["GET"]}}],"collection":[{"href":"https:\/\/www.radioamigavallenar.cl\/index.php?rest_route=\/wp\/v2\/posts"}],"about":[{"href":"https:\/\/www.radioamigavallenar.cl\/index.php?rest_route=\/wp\/v2\/types\/post"}],"author":[{"embeddable":true,"href":"https:\/\/www.radioamigavallenar.cl\/index.php?rest_route=\/wp\/v2\/users\/7"}],"replies":[{"embeddable":true,"href":"https:\/\/www.radioamigavallenar.cl\/index.php?rest_route=%2Fwp%2Fv2%2Fcomments&post=99258"}],"version-history":[{"count":1,"href":"https:\/\/www.radioamigavallenar.cl\/index.php?rest_route=\/wp\/v2\/posts\/99258\/revisions"}],"predecessor-version":[{"id":99260,"href":"https:\/\/www.radioamigavallenar.cl\/index.php?rest_route=\/wp\/v2\/posts\/99258\/revisions\/99260"}],"wp:featuredmedia":[{"embeddable":true,"href":"https:\/\/www.radioamigavallenar.cl\/index.php?rest_route=\/wp\/v2\/media\/99259"}],"wp:attachment":[{"href":"https:\/\/www.radioamigavallenar.cl\/index.php?rest_route=%2Fwp%2Fv2%2Fmedia&parent=99258"}],"wp:term":[{"taxonomy":"category","embeddable":true,"href":"https:\/\/www.radioamigavallenar.cl\/index.php?rest_route=%2Fwp%2Fv2%2Fcategories&post=99258"},{"taxonomy":"post_tag","embeddable":true,"href":"https:\/\/www.radioamigavallenar.cl\/index.php?rest_route=%2Fwp%2Fv2%2Ftags&post=99258"}],"curies":[{"name":"wp","href":"https:\/\/api.w.org\/{rel}","templated":true}]}}