{"id":99255,"date":"2026-03-06T09:33:43","date_gmt":"2026-03-06T12:33:43","guid":{"rendered":"https:\/\/www.radioamigavallenar.cl\/?p=99255"},"modified":"2026-03-06T09:33:43","modified_gmt":"2026-03-06T12:33:43","slug":"familia-solicita-antecedentes-tras-grave-caida-en-altura-de-vecino-en-poblacion-carrera","status":"publish","type":"post","link":"https:\/\/www.radioamigavallenar.cl\/?p=99255","title":{"rendered":"Familia solicita antecedentes tras grave ca\u00edda en altura de vecino en poblaci\u00f3n Carrera"},"content":{"rendered":"<p>Una familia realiz\u00f3 un llamado p\u00fablico a la comunidad para recabar antecedentes que permitan esclarecer las circunstancias en que un hombre sufri\u00f3 una grave ca\u00edda la tarde del pasado 2 de marzo, en el sector del barranco cercano al Cesfam Carrera, espec\u00edficamente en calle Lautaro, entre el Cesfam y calle Ant\u00e1rtica.<\/p>\n<p>Seg\u00fan lo expuesto por la familia a trav\u00e9s de redes sociales, la situaci\u00f3n ocurri\u00f3 entre las 16:00 y 18:00 horas. La v\u00edctima, V\u00edctor Sagua Campillay, trabajador del Supermercado Raza Esperanza, fue auxiliado por personas que se encontraban en el lugar, quienes habr\u00edan dado aviso a una ambulancia.<\/p>\n<p>Sin embargo, hasta ahora existen escasos antecedentes claros sobre lo sucedido, ya que el afectado recuerda muy poco de lo ocurrido.<\/p>\n<p>El vecino fue trasladado hasta Copiap\u00f3, tras presentar un desplazamiento de v\u00e9rtebras que compromete la m\u00e9dula espinal. \u00abActualmente se encuentra consciente, aunque en estado de shock, y perdi\u00f3 la movilidad de sus piernas, las cuales no siente. La gravedad de las lesiones mantiene en preocupaci\u00f3n a sus cercanos\u00bb, se\u00f1ala la publicaci\u00f3n.<\/p>\n<p>Uno de los puntos que genera dudas es que al momento de ser atendido por personal param\u00e9dico ya no portaba su tel\u00e9fono celular, aunque s\u00ed manten\u00eda sus aud\u00edfonos. Frente a esto, la familia no descarta ninguna hip\u00f3tesis: desde una ca\u00edda accidental hasta la posibilidad de un asalto en el que, tras resistirse, haya sido empujado. Tambi\u00e9n plantean que, de haber sido una ca\u00edda, la eventual sustracci\u00f3n del celular igualmente constituir\u00eda un delito.<\/p>\n<p>La publicaci\u00f3n explic\u00f3 que Carabineros concurri\u00f3 al hospital, pero no se pudo tomar una declaraci\u00f3n formal debido a que la v\u00edctima no recuerda con claridad lo ocurrido y los familiares solo pudieron relatar la informaci\u00f3n entregada por los equipos de emergencia.<\/p>\n<p>En este contexto, la familia enfatiza la importancia de encontrar a los responsables, en caso de existir intervenci\u00f3n de terceros, y de esclarecer completamente los hechos para entregar tranquilidad al afectado y su entorno.<\/p>\n<p>Asimismo, solicitan a cualquier persona que haya presenciado la ca\u00edda, colaborado en el auxilio o que disponga de registros de c\u00e1maras de seguridad en el sector mencionado, especialmente en calle Lautaro entre Consultorio Carrera y calle Ant\u00e1rtica, que pueda aportar informaci\u00f3n para reconstruir lo sucedido.<\/p>\n<p>\u201cNecesitamos saber realmente qu\u00e9 pas\u00f3\u201d, se\u00f1alan sus cercanos, reiterando el llamado solidario a la comunidad para que cualquier antecedente sea comunicado a la familia o a las autoridades correspondientes.<\/p>\n<p>Cualquier informaci\u00f3n que los vecinos o cercanos V\u00edctor Sagua Campillay puedan tener sobre este hecho, pueden comunicarse con Ingrid Sagua, quien dio a conocer esta lamentable informaci\u00f3n en las redes sociales o bien, en el mismo lugar de trabajo del vecino, en Supermercado Raza Esperanza de la poblaci\u00f3n Hermanos Carrera.<\/p>\n<p>Fuente: <a href=\"https:\/\/elnoticierodelhuasco.cl\/2026\/03\/familia-solicita-antecedentes-tras-grave-caida-en-altura-de-vecino-en-poblacion-carrera\/\" target=\"_blank\" rel=\"noopener\">El Noticiero Del Huasco<\/a><\/p>\n","protected":false},"excerpt":{"rendered":"<p>Una familia realiz\u00f3 un llamado p\u00fablico a la comunidad para recabar antecedentes que permitan esclarecer las circunstancias en que un hombre sufri\u00f3 una grave ca\u00edda&hellip; <\/p>\n","protected":false},"author":7,"featured_media":99256,"comment_status":"closed","ping_status":"closed","sticky":false,"template":"","format":"standard","meta":{"footnotes":""},"categories":[7],"tags":[],"class_list":["post-99255","post","type-post","status-publish","format-standard","has-post-thumbnail","hentry","category-atacama"],"_links":{"self":[{"href":"https:\/\/www.radioamigavallenar.cl\/index.php?rest_route=\/wp\/v2\/posts\/99255","targetHints":{"allow":["GET"]}}],"collection":[{"href":"https:\/\/www.radioamigavallenar.cl\/index.php?rest_route=\/wp\/v2\/posts"}],"about":[{"href":"https:\/\/www.radioamigavallenar.cl\/index.php?rest_route=\/wp\/v2\/types\/post"}],"author":[{"embeddable":true,"href":"https:\/\/www.radioamigavallenar.cl\/index.php?rest_route=\/wp\/v2\/users\/7"}],"replies":[{"embeddable":true,"href":"https:\/\/www.radioamigavallenar.cl\/index.php?rest_route=%2Fwp%2Fv2%2Fcomments&post=99255"}],"version-history":[{"count":1,"href":"https:\/\/www.radioamigavallenar.cl\/index.php?rest_route=\/wp\/v2\/posts\/99255\/revisions"}],"predecessor-version":[{"id":99257,"href":"https:\/\/www.radioamigavallenar.cl\/index.php?rest_route=\/wp\/v2\/posts\/99255\/revisions\/99257"}],"wp:featuredmedia":[{"embeddable":true,"href":"https:\/\/www.radioamigavallenar.cl\/index.php?rest_route=\/wp\/v2\/media\/99256"}],"wp:attachment":[{"href":"https:\/\/www.radioamigavallenar.cl\/index.php?rest_route=%2Fwp%2Fv2%2Fmedia&parent=99255"}],"wp:term":[{"taxonomy":"category","embeddable":true,"href":"https:\/\/www.radioamigavallenar.cl\/index.php?rest_route=%2Fwp%2Fv2%2Fcategories&post=99255"},{"taxonomy":"post_tag","embeddable":true,"href":"https:\/\/www.radioamigavallenar.cl\/index.php?rest_route=%2Fwp%2Fv2%2Ftags&post=99255"}],"curies":[{"name":"wp","href":"https:\/\/api.w.org\/{rel}","templated":true}]}}