{"id":99252,"date":"2026-03-06T09:27:13","date_gmt":"2026-03-06T12:27:13","guid":{"rendered":"https:\/\/www.radioamigavallenar.cl\/?p=99252"},"modified":"2026-03-06T09:27:13","modified_gmt":"2026-03-06T12:27:13","slug":"el-ipc-de-febrero-vario-0-subio-la-carne-de-vacuno-y-los-arriendos-bajaron-los-gastos-comunes","status":"publish","type":"post","link":"https:\/\/www.radioamigavallenar.cl\/?p=99252","title":{"rendered":"El IPC de febrero vari\u00f3 0%: subi\u00f3 la carne de vacuno y los arriendos, bajaron los gastos comunes"},"content":{"rendered":"<p>El\u00a0<a href=\"https:\/\/www.ine.gob.cl\/\" target=\"_blank\" rel=\"noopener\">Instituto Nacional de Estad\u00edsticas (INE),<\/a>\u00a0report\u00f3 hace instantes que el\u00a0<strong>\u00cdndice de Precios al Consumidor (IPC)<\/strong>\u00a0de febrero no tuvo variaci\u00f3n mensual, lo que deja la inflaci\u00f3n anual en 2,4% a doce meses, y con un acumulado de 0,4% en lo que va del a\u00f1o.<\/p>\n<p><strong>Seis de las trece divisiones<\/strong>\u00a0de la canasta del IPC aportaron\u00a0<strong>incidencias positivas<\/strong>\u00a0en el IPC mensual, y siete tuvieron incidencias negativas.<\/p>\n<p>Dentro de las que tuvieron alzas mensuales, destac\u00f3\u00a0<strong>vestuario y calzado<\/strong>\u00a0(2,3%) con 0,056 puntos porcentuales (pp.) junto con\u00a0<strong>alimentos y bebidas no alcoh\u00f3licas<\/strong>\u00a0(0,2%) con 0,040pp. El resto de divisiones en positivo contribuyeron con 0,088 pp. en conjunto.<\/p>\n<p>\u201cDe las divisiones que consignaron bajas mensuales en sus precios, destac\u00f3\u00a0<strong>vivienda y servicios b\u00e1sicos<\/strong>\u00a0(-0,4%), con una incidencia de -0,081pp.\u201d, indic\u00f3 el INE en su comunicado.<\/p>\n<h2 style=\"text-align: center;\">IPC de febrero fue del 0,0% en el mes<\/h2>\n<p>En el an\u00e1lisis detallado por divisi\u00f3n,\u00a0<strong>vestuario y calzado sum\u00f3 aumentos en tres de sus cuatro clases,<\/strong>\u00a0siendo la m\u00e1s destacado vestuario (3,2%, 0,046 pp.), mientras que calzado tuvo una variaci\u00f3n de 1,0% y contribuy\u00f3 con 0,009 pp.<\/p>\n<p>De los 23 productos de su canasta, 19 subieron, destacando pantalones, faldas y vestidos para mujer (6,6%, 0,013 pp.), junto con camisas y poleras para hombre (3,2%, 0,006 pp.). El resto de productos aport\u00f3 incidencias positivas por 0,045 pp.<\/p>\n<p><strong>\u201cAlimentos y bebidas no alcoh\u00f3licas consign\u00f3 alzas mensuales en ocho de sus 15 clases.<\/strong>\u00a0La m\u00e1s importante fue carnes (0,9%) que aport\u00f3 0,046pp., seguida de agua embotellada (3,3%), con 0,011pp. De los 81 productos que componen la divisi\u00f3n, 49 consignaron incrementos en sus precios, destacando carne de vacuno (1,5%), con una incidencia de 0,035pp., seguido de verduras de estaci\u00f3nn (4,5%), con 0,017pp.\u201d, se\u00f1al\u00f3 el reporte.<\/p>\n<p>En este caso, los restantes productos aportaron con 0,159 pp.<\/p>\n<p>Y en el caso de vivienda y servicios b\u00e1sicos, hubo ca\u00eddas en tres de sus diez clases; la m\u00e1s importante siendo suministro de electricidad (-1,7%, -0,059 pp.), seguida de gastos comunes (-2,7%, -0,040 pp.). De los 15 producctos, cinco tuvieron bajas de precios.<\/p>\n<p>Sobre esto \u00faltimo, suministro de electricidad y gastos comunes registraron -1,7% (-0,059pp.) y -2,7% (-0,040pp.) respectivamente. Los dem\u00e1s productos contribuyeron con -0,024 pp.<\/p>\n<h2 style=\"text-align: center;\">Productos<\/h2>\n<p><strong>Transporte en bus interurbano<\/strong><\/p>\n<p>Tuvo un aumento mensual de 18,5%, aportando 0,060pp. a la variaci\u00f3n del indicador general y acumul\u00f3 22,7% al segundo mes del a\u00f1o.<\/p>\n<p><strong>Carne de vacuno<\/strong><\/p>\n<p>Anot\u00f3 un incremento mensual de 1,5%, con incidencia de 0,035pp., y una variaci\u00f3n acumulada de 2,0% en el a\u00f1o.<\/p>\n<p><strong>Arriendo<\/strong><\/p>\n<p>Registr\u00f3 un alza mensual de 0,5%, con 0,034pp., acumulando 0,5% durante el a\u00f1o.<\/p>\n<div class=\"lee-tambien-bbcl\">\n<div class=\"lee-tambien-caja\"><\/div>\n<\/div>\n<p><strong>Transporte a\u00e9reo nacional<\/strong><\/p>\n<p>Consign\u00f3 una disminuci\u00f3n mensual de 22,4%, con -0,070pp.,acumulando -24,0% en lo que va de 2026.<\/p>\n<p><strong>Suministro de electricidad<\/strong><\/p>\n<p>Report\u00f3 una ca\u00edda en febrero de 1,7%, con una incidencia de -0,059pp., registrando una variaci\u00f3n de -1,9% durante el a\u00f1o.<\/p>\n<p><strong>Gastos comunes<\/strong><\/p>\n<p>Registr\u00f3 una disminuci\u00f3n mensual de 2,7%, con -0,040pp., acumulando 1,7% durante el a\u00f1o.<\/p>\n","protected":false},"excerpt":{"rendered":"<p>El\u00a0Instituto Nacional de Estad\u00edsticas (INE),\u00a0report\u00f3 hace instantes que el\u00a0\u00cdndice de Precios al Consumidor (IPC)\u00a0de febrero no tuvo variaci\u00f3n mensual, lo que deja la inflaci\u00f3n anual&hellip; <\/p>\n","protected":false},"author":7,"featured_media":99253,"comment_status":"closed","ping_status":"closed","sticky":false,"template":"","format":"standard","meta":{"footnotes":""},"categories":[37],"tags":[],"class_list":["post-99252","post","type-post","status-publish","format-standard","has-post-thumbnail","hentry","category-nacional"],"_links":{"self":[{"href":"https:\/\/www.radioamigavallenar.cl\/index.php?rest_route=\/wp\/v2\/posts\/99252","targetHints":{"allow":["GET"]}}],"collection":[{"href":"https:\/\/www.radioamigavallenar.cl\/index.php?rest_route=\/wp\/v2\/posts"}],"about":[{"href":"https:\/\/www.radioamigavallenar.cl\/index.php?rest_route=\/wp\/v2\/types\/post"}],"author":[{"embeddable":true,"href":"https:\/\/www.radioamigavallenar.cl\/index.php?rest_route=\/wp\/v2\/users\/7"}],"replies":[{"embeddable":true,"href":"https:\/\/www.radioamigavallenar.cl\/index.php?rest_route=%2Fwp%2Fv2%2Fcomments&post=99252"}],"version-history":[{"count":1,"href":"https:\/\/www.radioamigavallenar.cl\/index.php?rest_route=\/wp\/v2\/posts\/99252\/revisions"}],"predecessor-version":[{"id":99254,"href":"https:\/\/www.radioamigavallenar.cl\/index.php?rest_route=\/wp\/v2\/posts\/99252\/revisions\/99254"}],"wp:featuredmedia":[{"embeddable":true,"href":"https:\/\/www.radioamigavallenar.cl\/index.php?rest_route=\/wp\/v2\/media\/99253"}],"wp:attachment":[{"href":"https:\/\/www.radioamigavallenar.cl\/index.php?rest_route=%2Fwp%2Fv2%2Fmedia&parent=99252"}],"wp:term":[{"taxonomy":"category","embeddable":true,"href":"https:\/\/www.radioamigavallenar.cl\/index.php?rest_route=%2Fwp%2Fv2%2Fcategories&post=99252"},{"taxonomy":"post_tag","embeddable":true,"href":"https:\/\/www.radioamigavallenar.cl\/index.php?rest_route=%2Fwp%2Fv2%2Ftags&post=99252"}],"curies":[{"name":"wp","href":"https:\/\/api.w.org\/{rel}","templated":true}]}}