{"id":99249,"date":"2026-03-06T09:25:57","date_gmt":"2026-03-06T12:25:57","guid":{"rendered":"https:\/\/www.radioamigavallenar.cl\/?p=99249"},"modified":"2026-03-06T09:25:57","modified_gmt":"2026-03-06T12:25:57","slug":"presidente-boric-llama-a-estudiantes-a-recuperar-la-fech-los-necesitamos-en-el-debate-publico","status":"publish","type":"post","link":"https:\/\/www.radioamigavallenar.cl\/?p=99249","title":{"rendered":"Presidente Boric llama a estudiantes a \u00abrecuperar\u00bb la FECh: \u00abLos necesitamos en el debate p\u00fablico\u00bb"},"content":{"rendered":"<p>En el marco de su visita a la Facultad de Derecho de la Universidad de Chile,\u00a0<strong>el presidente Gabriel Boric llam\u00f3 a los estudiantes a \u201crecuperar la FECh\u201d<\/strong>\u00a0y a estar m\u00e1s presentes en el debate p\u00fablico.<\/p>\n<p>Se trata de una intervenci\u00f3n en la que apel\u00f3 directamente a la participaci\u00f3n estudiantil y al rol hist\u00f3rico de la universidad en la discusi\u00f3n nacional.<\/p>\n<p>El mandatario asisti\u00f3 a la ceremonia de inauguraci\u00f3n del megaproyecto arquitect\u00f3nico\u00a0<strong>\u201cCimientos de la Facultad\u201d<\/strong>, una iniciativa que renueva desde sus bases el edificio patrimonial de P\u00edo Nono 1.<\/p>\n<p>La actividad reuni\u00f3 a autoridades con v\u00ednculo permanente con la facultad. Entre ellas, la contralora general Dorothy P\u00e9rez, el canciller Alberto van Klaveren, el fiscal nacional econ\u00f3mico Jorge Gr\u00fcnberg, el ministro del Tribunal Constitucional Ra\u00fal Mera, la ministra de la Corte Suprema Mar\u00eda Cristina Gajardo y la defensora nacional Ver\u00f3nica Encina. Tambi\u00e9n fue invitado el ministro de Seguridad P\u00fablica Luis Cordero, profesor de la casa de estudios.<\/p>\n<p>Durante su alocuci\u00f3n, y recordando su pasado como expresidente del Centro de Estudiantes de Derecho, el jefe de Estado dijo que quiere ver a los estudiantes\u00a0<strong>\u201cpresentes en el debate p\u00fablico\u201d<\/strong>, afirmando que son necesarios en la discusi\u00f3n del pa\u00eds.<\/p>\n<p>En esa l\u00ednea, los inst\u00f3 a reorganizarse y recuperar la Federaci\u00f3n de Estudiantes de la Universidad de Chile (FECh), se\u00f1alando que se vive un momento desafiante, pero que no comparte miradas catastrofistas.<\/p>\n<p>El mensaje del Presidente se da a pocos d\u00edas de dejar el sill\u00f3n presidencial y con constantes cr\u00edticas desde los sectores opositores por la casi nula presencia de agrupaciones estudiantiles en las calles durante su mandato.<\/p>\n","protected":false},"excerpt":{"rendered":"<p>En el marco de su visita a la Facultad de Derecho de la Universidad de Chile,\u00a0el presidente Gabriel Boric llam\u00f3 a los estudiantes a \u201crecuperar&hellip; <\/p>\n","protected":false},"author":7,"featured_media":99250,"comment_status":"closed","ping_status":"closed","sticky":false,"template":"","format":"standard","meta":{"footnotes":""},"categories":[37],"tags":[],"class_list":["post-99249","post","type-post","status-publish","format-standard","has-post-thumbnail","hentry","category-nacional"],"_links":{"self":[{"href":"https:\/\/www.radioamigavallenar.cl\/index.php?rest_route=\/wp\/v2\/posts\/99249","targetHints":{"allow":["GET"]}}],"collection":[{"href":"https:\/\/www.radioamigavallenar.cl\/index.php?rest_route=\/wp\/v2\/posts"}],"about":[{"href":"https:\/\/www.radioamigavallenar.cl\/index.php?rest_route=\/wp\/v2\/types\/post"}],"author":[{"embeddable":true,"href":"https:\/\/www.radioamigavallenar.cl\/index.php?rest_route=\/wp\/v2\/users\/7"}],"replies":[{"embeddable":true,"href":"https:\/\/www.radioamigavallenar.cl\/index.php?rest_route=%2Fwp%2Fv2%2Fcomments&post=99249"}],"version-history":[{"count":1,"href":"https:\/\/www.radioamigavallenar.cl\/index.php?rest_route=\/wp\/v2\/posts\/99249\/revisions"}],"predecessor-version":[{"id":99251,"href":"https:\/\/www.radioamigavallenar.cl\/index.php?rest_route=\/wp\/v2\/posts\/99249\/revisions\/99251"}],"wp:featuredmedia":[{"embeddable":true,"href":"https:\/\/www.radioamigavallenar.cl\/index.php?rest_route=\/wp\/v2\/media\/99250"}],"wp:attachment":[{"href":"https:\/\/www.radioamigavallenar.cl\/index.php?rest_route=%2Fwp%2Fv2%2Fmedia&parent=99249"}],"wp:term":[{"taxonomy":"category","embeddable":true,"href":"https:\/\/www.radioamigavallenar.cl\/index.php?rest_route=%2Fwp%2Fv2%2Fcategories&post=99249"},{"taxonomy":"post_tag","embeddable":true,"href":"https:\/\/www.radioamigavallenar.cl\/index.php?rest_route=%2Fwp%2Fv2%2Ftags&post=99249"}],"curies":[{"name":"wp","href":"https:\/\/api.w.org\/{rel}","templated":true}]}}