{"id":99246,"date":"2026-03-06T09:24:57","date_gmt":"2026-03-06T12:24:57","guid":{"rendered":"https:\/\/www.radioamigavallenar.cl\/?p=99246"},"modified":"2026-03-06T09:24:57","modified_gmt":"2026-03-06T12:24:57","slug":"nadie-uso-la-limusina-el-descargo-de-mihovilovic-tras-el-escandalo-en-el-slep-de-atacama","status":"publish","type":"post","link":"https:\/\/www.radioamigavallenar.cl\/?p=99246","title":{"rendered":"\u00abNadie us\u00f3 la limusina\u00bb: el descargo de Mihovilovic tras el esc\u00e1ndalo en el SLEP de Atacama"},"content":{"rendered":"<div id=\"extracto\" class=\"post-excerpt\">\n<p>Tras su pol\u00e9mica salida del Servicio Local de Educaci\u00f3n P\u00fablica (SLEP) de Atacama, Daslav Mihovilovic abord\u00f3 los detalles de la crisis que termin\u00f3 con su renuncia y la posterior querella presentada contra el Presidente de la Rep\u00fablica. El exdirector, en conversaci\u00f3n con Radio B\u00edo B\u00edo, defiende su gesti\u00f3n t\u00e9cnica y asegura que la bullada celebraci\u00f3n de aniversario no utiliz\u00f3 recursos p\u00fablicos.<\/p>\n<p>&nbsp;<\/p>\n<\/div>\n<div class=\"banners-contenido-nota-6754055\">\n<p>El 9 de enero, lo que era una celebraci\u00f3n del Servicio Local de Educaci\u00f3n de Atacama termin\u00f3 en un esc\u00e1ndalo nacional. Daslav Mihovilovic, quien en ese minuto era el director del organismo renunci\u00f3 al cargo y se abri\u00f3 un sumario interno. \u00bfEl objetivo? Investigar a los responsables y de d\u00f3nde hab\u00eda salido el dinero para financiar la fiesta de fin de a\u00f1o.<\/p>\n<p>En conversaci\u00f3n con Radio B\u00edo B\u00edo, hoy Mihovilovic defiende su estad\u00eda en Atacama, explica el por qu\u00e9 de la querella que ingres\u00f3 contra el Presidente de la Rep\u00fablica y detalla la existencia de personas que lo quer\u00edan fuera del servicio local.<\/p>\n<h2 style=\"text-align: center;\">Salida<\/h2>\n<p><strong>-\u00bfPor qu\u00e9 crees t\u00fa que el Presidente se refiri\u00f3 en esos t\u00e9rminos tan duros contra ti?<\/strong><\/p>\n<p>Me cuesta entender el motivo que originaron las palabras del Presidente de la Rep\u00fablica, dado que tal como yo lo se\u00f1al\u00e9 en un principio, la celebraci\u00f3n del aniversario del servicio local, y posteriormente lo acredit\u00f3 la auditor\u00eda ministerial que se llev\u00f3 a cabo, no se comprometi\u00f3 ning\u00fan recurso p\u00fablico en la realizaci\u00f3n de este evento. Por cuanto, no habi\u00e9ndose comprometido el recurso fiscal, que el Presidente se refiriera a m\u00ed como la persona m\u00e1s descriteriada que \u00e9l conoce, que era conocido, a m\u00ed me parece una tremenda falta de respeto. M\u00e1s all\u00e1 de la investidura que tenga, me parece que ninguna persona puede denostar de esa forma a otro funcionario.<\/p>\n<p style=\"text-align: center;\"><strong>-\u00bfFue un chivo expiatorio?<\/strong><\/p>\n<p>Lo cierto es que durante 2025, pese a todas las complejidades que tuvo, logramos mantener el servicio educativo de forma estable, no tuvimos movilizaciones por movimientos gremiales, hubo una muy buena comunicaci\u00f3n con los gremiales del territorio, se mejoraron los resultados PAES, tuvimos una inversi\u00f3n hist\u00f3rica en infraestructura con m\u00e1s de 5.500 millones de pesos, mejoramos la oferta t\u00e9cnica educativa, la oferta program\u00e1tica en materia de deporte, de ciencia, de cultura\u2026 Tuvimos un a\u00f1o de estabilidad, que es algo que no ven\u00eda teniendo el SLEP de Atacama desde su instalaci\u00f3n.<\/p>\n<p style=\"text-align: center;\"><strong>-\u00bfCu\u00e1l fue el prop\u00f3sito para hacer esta actividad?<\/strong><\/p>\n<p>A ra\u00edz de aquello, la intenci\u00f3n de hacer una actividad era para reconocer el trabajo de los funcionarios del SLEP de Atacama, y que se puedan sentir orgullosos del lugar donde estaban trabajando. Ese fue el prop\u00f3sito de la actividad, por supuesto no comprometiendo ning\u00fan recurso del Estado.<\/p>\n<p style=\"text-align: center;\"><strong>-\u00bfSiente que su salida fue injusta?<\/strong><\/p>\n<p>S\u00ed, me parece tremendamente injusto que despu\u00e9s de un a\u00f1o que fue de estabilidad, en que el servicio local de Atacama ya sali\u00f3 de la crisis que hab\u00eda estado hist\u00f3ricamente por diversos problemas administrativos, financieros y pol\u00edticos en su interior, en una gesti\u00f3n que se caracteriz\u00f3 por su neutralidad pol\u00edtica y un trabajo cien por ciento t\u00e9cnico, se haya enrostrado este tema de la actividad de aniversario, terminado con mi salida y que el Presidente se haya referido de la forma en que se refiri\u00f3.<\/p>\n<h2 style=\"text-align: center;\">Pol\u00e9mica<\/h2>\n<p><strong>-\u00bfHace alg\u00fan tipo de mea culpa de la fiesta que se realiz\u00f3? \u00bfDimension\u00f3 lo que pod\u00eda ocurrir?<\/strong><\/p>\n<p>No, la verdad nunca dimension\u00e9 que pod\u00eda generarse lo que se gener\u00f3. El tema de la limusina, que fue de mucho cuestionamiento p\u00fablico, quiero ser muy claro, fue instalada de mutuo propio por parte del proveedor. No fue solicitada su instalaci\u00f3n por parte de la SLEP, ning\u00fan trabajador ni yo la utiliz\u00f3. Nadie us\u00f3 la limusina. Fue instalada en t\u00e9rminos de marketing por parte de la productora para hacerse publicidad, pero ning\u00fan trabajador emple\u00f3 el m\u00f3vil. Entonces, finalmente lo que sali\u00f3 hacia afuera es una fiesta con limusina, que hubo barra abierta, ostentosos premios.<\/p>\n<p style=\"text-align: center;\"><strong>-\u00bfEso no existi\u00f3?<\/strong><\/p>\n<p>No hubo barra abierta, los premios fueron diplomas y un galvano que entregamos, la torta que hab\u00eda fue donada por una funcionaria. Entonces, finalmente se vendi\u00f3 hacia afuera una imagen de una actividad demasiado ostentosa que en t\u00e9rminos pr\u00e1cticos no lo fue. Si me preguntan si yo proyectaba que algo como lo que sucedi\u00f3 iba a acontecer, no lo tuve visualizado. Visto en retrospectiva, creo que se pudieron haber tomado algunos resguardos que no se atendieron, porque no se vio ninguna mala voluntad con respecto a lo que se estaba realizando. Insisto: en ning\u00fan momento se comprometieron recursos del Estado para el desarrollo de esta actividad.<\/p>\n<p style=\"text-align: center;\"><strong>-\u00bfAbri\u00f3 un sumario interno por la fiesta?<\/strong><\/p>\n<p>La actividad fue el d\u00eda viernes 9 de enero, en la noche, en una actividad fuera del horario laboral, un lugar que no era de servicio local, y el ministro habl\u00f3 conmigo el d\u00eda domingo 11 de enero, y yo presento mi renuncia a partir del d\u00eda 12. Entonces, la verdad, despu\u00e9s de esta actividad yo no regrese al servicio local, presento mi renuncia, y ah\u00ed es la autoridad competente la que fija las acciones.<\/p>\n<h2 style=\"text-align: center;\">Decisi\u00f3n pol\u00edtica<\/h2>\n<p><strong>-Seg\u00fan tu punto de vista, \u00bffue apurada la decisi\u00f3n del ministro Cataldo?<\/strong><\/p>\n<p>Fue una decisi\u00f3n pol\u00edtica que el ministro me la da a conocer cuando me habla el d\u00eda el d\u00eda domingo, a raz\u00f3n de todo lo que estaba aconteciendo medi\u00e1ticamente. Por ende, me pide la renuncia y yo acepto creyendo que saliendo de servicio iba a generar un ambiente transparente para que se pudiera llevar a cabo la investigaci\u00f3n adecuada y se pudiera limpiar bien qu\u00e9 fue lo que sucedi\u00f3 en realidad.<\/p>\n<p><strong>-\u00bfDeber\u00edan haber esperado que se hiciera un sumario o una investigaci\u00f3n?<\/strong><\/p>\n<p>Yo hubiese esperado otro proceso, un poquito m\u00e1s pausado, que se revisara bien qu\u00e9 fue lo que sucedi\u00f3, si se hab\u00edan comprometido recursos p\u00fablicos o no, que se hubiese dilucidado no solamente por redes sociales sino en la pr\u00e1ctica y con hechos comprobables cu\u00e1l fue la realidad de la situaci\u00f3n para haber tomado algunas decisiones. No obstante aquello, est\u00e1 obviamente en las atribuciones del ministro y del Presidente pedir los cargos de jefatura de servicio y en ese contexto, insisto, renuncio voluntariamente.<\/p>\n<h2 style=\"text-align: center;\">Querella<\/h2>\n<p><strong>-\u00bfCu\u00e1l es tu intenci\u00f3n detr\u00e1s de la querella?<\/strong><\/p>\n<p>La principal intenci\u00f3n es recuperar mi honra y que se haga justicia. Ninguna persona por la tribuna que tiene, ni la investidura que tiene puede tratar a otro como la persona m\u00e1s descriteriada, siendo que el descriterio fue una actividad por los trabajadores del servicio local sin el compromiso de ning\u00fan recurso del Estado. Se hablaron, repito, de uso de limusina, de barra abierta, de regalos ostentosos, los cuales faltan a la verdad. Entonces, teniendo estos datos encima de la mesa, que se haya referido a m\u00ed de la forma en que lo hizo, me faltan el respeto a m\u00ed, a mi familia, a mi se\u00f1ora, a mis hijos.<\/p>\n<p style=\"text-align: center;\"><strong>-\u00bfPor qu\u00e9 decide presentar una querella ahora y hablar?<\/strong><\/p>\n<p>Podr\u00eda haberlo hecho antes, pero necesitaba hacerlo sobre la base de los resultados de la auditor\u00eda que puedan respaldar que mis hechos son ciertos. Al d\u00eda siguiente de la actividad, saco una declaraci\u00f3n p\u00fablica donde se\u00f1alo que no se tiene recursos p\u00fablicos en el desarrollo de esta actividad. No obstante, las redes sociales explotaron y se tom\u00f3 la noticia en todos los medios, me piden la renuncia, pero no sacaba nada con decir \u201cesto no es cierto\u201d, \u201cesto pas\u00f3 de esta forma\u201d, si es que no hab\u00eda un documento formal que pueda acreditar a respaldar lo que yo estoy diciendo.<\/p>\n<p><strong>-En esa misma auditor\u00eda se se\u00f1ala que existieron \u201cinsistencias indebidas\u201d a proveedores para obtener aportes para la celebraci\u00f3n\u2026<\/strong><\/p>\n<p>Desconozco a qu\u00e9 se refieren los proveedores cuando indican aquello, pero est\u00e1 la evidencia, est\u00e1n los respaldos respectivos y ser\u00e1n presentados directamente al tribunal una vez que avance esta investigaci\u00f3n.<\/p>\n<p style=\"text-align: center;\"><strong>-\u00bfNo fue idea de usted pedir las donaciones?<\/strong><\/p>\n<p>No, no, no, en ning\u00fan caso.<\/p>\n<p><strong>-Si se comprueba lo que dice la auditor\u00eda \u00bfEstar\u00edas dispuesto a retirar la querella contra el Presidente y asumir que lo que hicieron las personas que estaban bajo su responsabilidad? o \u00bfSon cosas distintas?<\/strong><\/p>\n<p>Una cosa es la acci\u00f3n judicial que se marca en virtud de la auditor\u00eda que se llev\u00f3 a cabo, que va de la mano en todo caso con el respaldo que hago en la querella al Presidente de la Rep\u00fablica, y la otra es la demostraci\u00f3n personal que el Presidente hace en un espacio p\u00fablico, en la regi\u00f3n de Atacama, en donde se sale del contexto de la actividad que est\u00e1 desarrollando para hacer una calificaci\u00f3n gratuita, independiente que sea el Presidente y la investidura que a ella le caiga, no se puede resistir una persona. Creo que no corresponde que sea un juicio de valor de la naturaleza, lo cual el presidente hizo con mi persona. v<\/p>\n<p style=\"text-align: center;\"><strong>-\u00bfQu\u00e9 le hubiera gustado que el Presidente hubiera dicho?<\/strong><\/p>\n<p>Esperemos que se investigue, que la instituci\u00f3n funcione, si es una auditor\u00eda, lo que se entregaron a tribunales, y que es un poco la t\u00f3nica que he tenido siempre que se han encontrado situaciones en otras reparticiones p\u00fablicas.<\/p>\n<p><strong>-\u00bfCu\u00e1l ser\u00e1 el camino a seguir ahora que el tribunal rechaz\u00f3 admitir a tr\u00e1mite la querella?<\/strong><\/p>\n<p>Lo que hizo el tribunal fue declarar \u201cinadmisible\u201d la querella porque no se hab\u00eda solicitado previamente el desafuero del Sr. Gabriel Boric. Esto es muy excepcional, dado que los presidentes de la republica no tienen fuero, solo gozan de este privilegio los gobernadores, parlamentarios y ex presidentes de la rep\u00fablica, sin embargo, el tribunal ha determinado que, a\u00fan cuando la querella fue presentada el 27 de febrero y el el Sr. Boric tendr\u00e1 fuero desde el 11 de marzo, se debe hacer esta solicitud. A raz\u00f3n de ello, ayer se present\u00f3 una solicitud de reposici\u00f3n y apelaci\u00f3n en subsidio para que el juez reconsidere su decisi\u00f3n o sea la corte de apelaciones quien finiquite el tema, si es necesario o no desaforar a alguien que no tiene fuero, y, una vez que reciba la respuesta, si est\u00e1 fuese negativa se presentar\u00e1 inmediatamente con la solicitud de desafuero. Ahora bien, pedir alzar el fuero para alguien que a\u00fan no lo tiene es particularmente extra\u00f1o, pero es el procedimiento que el tribunal hoy nos pide hacer.<\/p>\n<h2 style=\"text-align: center;\">Arribo<\/h2>\n<p><strong>-\u00bfC\u00f3mo fue tu designaci\u00f3n?<\/strong><\/p>\n<p>Fui nombrado como director suplente. Esto es una elecci\u00f3n del Presidente de la Rep\u00fablica de una persona a dedo para posicionar en un servicio local que no tiene un director ejecutivo titular a cargo del servicio.<\/p>\n<p><strong>-\u00bfPor qu\u00e9?<\/strong><\/p>\n<p>En este caso, en el SLEP Atacama el director titular est\u00e1 removido de su funci\u00f3n hace ya varios a\u00f1os. Y la ley 21.040, que es la que cre\u00f3 los servicios locales, recientemente estableci\u00f3 esta posibilidad que cuando no est\u00e1 el director titular se ponen suplentes. Bajo ese contexto a m\u00ed me piden que vaya a Atacama, entiendo yo, reconociendo el perfil t\u00e9cnico que hab\u00eda desarrollado como director en Valpara\u00edso, como jefe de educaci\u00f3n pedag\u00f3gica en Valpara\u00edso y los servicios p\u00fablicos de los cuales hab\u00eda agencialidad en esta educaci\u00f3n tambi\u00e9n.<\/p>\n<p><strong>-\u00bfEres cercano al oficialismo?<\/strong><\/p>\n<p>Lo dije en mi declaraci\u00f3n p\u00fablica, no pertenezco al oficialismo, no conoc\u00eda al Presidente, por ende tom\u00e9 esta solicitud como un reconocimiento de mi trayectoria profesional, porque precisamente lo que hab\u00eda pasado en Atacama hist\u00f3ricamente era que hab\u00eda mucho intervencionismo externo, partidista y eso implic\u00f3 que el servicio local no saliera de la crisis la cual estuvo durante mucho tiempo. Entonces mi llegada a Atacama lo que hizo fue neutralizar esas influencias, dedicarnos expl\u00edcitamente al trabajo t\u00e9cnico, administrativo y financiero del SLEP para sacarlo adelante, y sent\u00ed que se hizo un adecuado trabajo.<\/p>\n<p><strong>-\u00bfCrees que al no ser pol\u00edtico o cercano a alg\u00fan partido le perjudic\u00f3?<\/strong><\/p>\n<p>Absolutamente. No lo he escuchado referirse as\u00ed a ninguna otra persona, y han acontecido situaciones much\u00edsimo m\u00e1s graves que la celebraci\u00f3n. Nunca hab\u00eda escuchado, no solamente al presidente Boric, a ning\u00fan Presidente referirse as\u00ed a un jefe de servicio. Y adem\u00e1s fue un jefe de servicio puesto por \u00e9l mismo.<\/p>\n<p><strong>-Usted es de Punta Arenas igual que el mandatario \u00bfSe conoc\u00edan de antes?<\/strong><\/p>\n<p>En algunos medios ha salido incluso como los dos tenemos un origen com\u00fan, que somos de Punta Arenas, somos hijos de inmigrantes croatas, que yo lo conoc\u00eda. Quiero ser s\u00faper claro, yo no conoc\u00ed al Presidente Boric, nunca he conversado con \u00e9l. Hubiese esperado, no el Presidente la verdad, pero al menos con el ministro, habernos juntado a conversar, presentarle los antecedentes, explicar bien qu\u00e9 es lo que sucedi\u00f3, pero se toma una decisi\u00f3n apresurada creo yo. M\u00e1s en funci\u00f3n de lo que pas\u00f3 en redes sociales, y sin tener todo lo antecedente encima de la mesa.<\/p>\n<p><strong>-\u00bfCrees que alguien dentro del SLEP quiso perjudicarlo?<\/strong><\/p>\n<p>No creo y no tengo antecedentes para argumentar algo de esa naturaleza.<\/p>\n<p><strong>-\u00bfFue finalmente un malentendido?<\/strong><\/p>\n<p>Creo que pasa por ah\u00ed y claramente estos sectores pol\u00edticos que estaban acostumbrados a tener cierta influencia dentro del servicio local hasta antes de mi llegada, aprovecharon esta instancia medi\u00e1tica, y que termin\u00f3 pasando lo que termin\u00f3 sucediendo.<\/p>\n<p><strong>-Entonces, \u00bfHay personas que estaban felices que dejaras el cargo?<\/strong><\/p>\n<p>Creo que hay sectores. Hist\u00f3ricamente en la instalaci\u00f3n del servicio local hasta mi llegada al servicio hubieron sectores que ten\u00edan mucha influencia en las decisiones que se tomaban dentro del SLEP, llamados a concursos, nombramientos a dedo, incluso mejora de grados de funcionarios. (\u2026) Esos sectores dejaron de tener influencia en el SLEP con mi llegada<\/p>\n<h2 style=\"text-align: center;\">Futuro<\/h2>\n<p><strong>-\u00bfLe volver a trabajar en un servicio estatal o crees que ya tu pasada por lo p\u00fablico lleg\u00f3 a su fin?<\/strong><\/p>\n<p>Soy profesor, soy ingeniero comercial, llevo 20 a\u00f1os trabajando en educaci\u00f3n o ligado a la educaci\u00f3n, por lo que me cuesta visualizarme en algo distinto, ahora si es en p\u00fablico o privado el futuro lo dir\u00e1. Yo lo que busco es simplemente limpiar mi nombre, que sepan los hechos, que la ciudadan\u00eda sepa lo que pas\u00f3 y tenga la claridad que cuando se dec\u00eda \u201cmiren cu\u00e1nto gastaron en una fiesta\u201d, no se gast\u00f3 ning\u00fan peso del servicio local en esa actividad.<br \/>\nNosotros no pedimos que haya una limusina, nadie us\u00f3 la limusina, no hubo barra abierta, entonces en definitiva muchas de las cosas que se informaron y de la forma en que se informaron carec\u00edan de sustento y lo que yo busco con esto es transparentar los hechos.<\/p>\n<p><strong>-Postul\u00f3 para liderar el SLEP Litoral\u2026 \u00bfQu\u00e9 sucedi\u00f3?<\/strong><\/p>\n<p>Nombraron a otra persona esto, llegu\u00e9 a la eterna presidencial, nombraron a otra persona.<\/p>\n<p><strong>-\u00bfCree que lo que pas\u00f3 en Atacama le afect\u00f3?<\/strong><\/p>\n<p>Por supuesto, tambi\u00e9n fue parte de aquello. Ahora tambi\u00e9n debo se\u00f1alar que previamente, en este periodo presidencial, esa es la quinta eterna presidencial a la cual he llegado, en la otra tampoco he accedido, por ende, siento tambi\u00e9n que volvemos al tema de ser de cierto grupo o no ser de cierto grupo para decisiones como nombrar titularidades en servicios p\u00fablicos claramente ha afectado.<\/p>\n<\/div>\n","protected":false},"excerpt":{"rendered":"<p>Tras su pol\u00e9mica salida del Servicio Local de Educaci\u00f3n P\u00fablica (SLEP) de Atacama, Daslav Mihovilovic abord\u00f3 los detalles de la crisis que termin\u00f3 con su&hellip; <\/p>\n","protected":false},"author":7,"featured_media":99247,"comment_status":"closed","ping_status":"closed","sticky":false,"template":"","format":"standard","meta":{"footnotes":""},"categories":[38],"tags":[],"class_list":["post-99246","post","type-post","status-publish","format-standard","has-post-thumbnail","hentry","category-portada-regional"],"_links":{"self":[{"href":"https:\/\/www.radioamigavallenar.cl\/index.php?rest_route=\/wp\/v2\/posts\/99246","targetHints":{"allow":["GET"]}}],"collection":[{"href":"https:\/\/www.radioamigavallenar.cl\/index.php?rest_route=\/wp\/v2\/posts"}],"about":[{"href":"https:\/\/www.radioamigavallenar.cl\/index.php?rest_route=\/wp\/v2\/types\/post"}],"author":[{"embeddable":true,"href":"https:\/\/www.radioamigavallenar.cl\/index.php?rest_route=\/wp\/v2\/users\/7"}],"replies":[{"embeddable":true,"href":"https:\/\/www.radioamigavallenar.cl\/index.php?rest_route=%2Fwp%2Fv2%2Fcomments&post=99246"}],"version-history":[{"count":1,"href":"https:\/\/www.radioamigavallenar.cl\/index.php?rest_route=\/wp\/v2\/posts\/99246\/revisions"}],"predecessor-version":[{"id":99248,"href":"https:\/\/www.radioamigavallenar.cl\/index.php?rest_route=\/wp\/v2\/posts\/99246\/revisions\/99248"}],"wp:featuredmedia":[{"embeddable":true,"href":"https:\/\/www.radioamigavallenar.cl\/index.php?rest_route=\/wp\/v2\/media\/99247"}],"wp:attachment":[{"href":"https:\/\/www.radioamigavallenar.cl\/index.php?rest_route=%2Fwp%2Fv2%2Fmedia&parent=99246"}],"wp:term":[{"taxonomy":"category","embeddable":true,"href":"https:\/\/www.radioamigavallenar.cl\/index.php?rest_route=%2Fwp%2Fv2%2Fcategories&post=99246"},{"taxonomy":"post_tag","embeddable":true,"href":"https:\/\/www.radioamigavallenar.cl\/index.php?rest_route=%2Fwp%2Fv2%2Ftags&post=99246"}],"curies":[{"name":"wp","href":"https:\/\/api.w.org\/{rel}","templated":true}]}}