{"id":99243,"date":"2026-03-06T09:21:23","date_gmt":"2026-03-06T12:21:23","guid":{"rendered":"https:\/\/www.radioamigavallenar.cl\/?p=99243"},"modified":"2026-03-06T09:21:23","modified_gmt":"2026-03-06T12:21:23","slug":"aguas-cap-consolida-su-operacion-con-energia-electrica-100-renovable","status":"publish","type":"post","link":"https:\/\/www.radioamigavallenar.cl\/?p=99243","title":{"rendered":"Aguas CAP consolida su operaci\u00f3n con energ\u00eda el\u00e9ctrica 100% renovable"},"content":{"rendered":"<p>La planta desaladora Aguas CAP concret\u00f3 la transici\u00f3n de su operaci\u00f3n a energ\u00eda el\u00e9ctrica proveniente en un 100% de fuentes renovables a partir del a\u00f1o 2026, mediante contratos de suministro de energ\u00eda (PPA por sus siglas en ingl\u00e9s) suscritos en partes iguales con Atlas Renewable Energy y AES Andes S.A.<\/p>\n<p>El nuevo esquema integra el uso de fuentes de energ\u00eda renovables como un componente estructural del funcionamiento de la planta, abarcando procesos cr\u00edticos como la desalaci\u00f3n y el transporte de agua, adem\u00e1s de los sistemas de apoyo y gesti\u00f3n.<\/p>\n<p>Este abastecimiento proveniente de fuentes limpias permite a Aguas CAP reducir de manera significativa su huella de carbono, evitando m\u00e1s de 47 mil toneladas de emisiones de CO\u2082 al a\u00f1o.<\/p>\n<p>Hern\u00e1n Aravena Noem\u00ed, gerente general de Aguas CAP, se\u00f1al\u00f3 que \u201ccomo compa\u00f1\u00eda con presencia permanente en el territorio, entendemos que nuestro aporte a la sostenibilidad va m\u00e1s all\u00e1 de la producci\u00f3n de agua: implica trabajar d\u00eda a d\u00eda por ser m\u00e1s eficientes en el uso de los recursos, asegur\u00e1ndonos que el desempe\u00f1o de nuestra operaci\u00f3n est\u00e9 a la altura de los desaf\u00edos de la regi\u00f3n y el pa\u00eds\u201d.<\/p>\n<p>Asimismo, apunt\u00f3 que \u201cla incorporaci\u00f3n de soluciones de almacenamiento y un esquema diversificado de proveedores nos permite proyectar una operaci\u00f3n m\u00e1s robusta y confiable en el tiempo, especialmente en una infraestructura cr\u00edtica como la desalinizaci\u00f3n, donde la continuidad del suministro es clave para la seguridad h\u00eddrica de nuestros clientes y los usuarios finales\u201d.<\/p>\n<p>Agrega que \u201ceste tipo de contratos refleja c\u00f3mo las energ\u00edas verdes se est\u00e1n consolidando como un pilar para el desarrollo de operaciones industriales sostenibles y nos permite ofrecer a nuestros clientes agua producida con una m\u00ednima huella ambiental\u201d.<\/p>\n<p>El contrato de suministro contempla la entrega de certificados internacionales I-REC (International Renewable Energy Certificates), que acreditan el origen 100 % renovable de la energ\u00eda consumida por Aguas CAP, asegurando trazabilidad y respaldo independiente.<\/p>\n<p>Con este contrato de suministro de energ\u00eda (PPA), Aguas CAP fortalece su modelo operacional, integra la sostenibilidad como un eje estructural de su gesti\u00f3n y contribuye de manera concreta a los objetivos de largo plazo de la Compa\u00f1\u00eda y al desarrollo sostenible de la regi\u00f3n de Atacama.<\/p>\n","protected":false},"excerpt":{"rendered":"<p>La planta desaladora Aguas CAP concret\u00f3 la transici\u00f3n de su operaci\u00f3n a energ\u00eda el\u00e9ctrica proveniente en un 100% de fuentes renovables a partir del a\u00f1o&hellip; <\/p>\n","protected":false},"author":7,"featured_media":99244,"comment_status":"closed","ping_status":"closed","sticky":false,"template":"","format":"standard","meta":{"footnotes":""},"categories":[7],"tags":[],"class_list":["post-99243","post","type-post","status-publish","format-standard","has-post-thumbnail","hentry","category-atacama"],"_links":{"self":[{"href":"https:\/\/www.radioamigavallenar.cl\/index.php?rest_route=\/wp\/v2\/posts\/99243","targetHints":{"allow":["GET"]}}],"collection":[{"href":"https:\/\/www.radioamigavallenar.cl\/index.php?rest_route=\/wp\/v2\/posts"}],"about":[{"href":"https:\/\/www.radioamigavallenar.cl\/index.php?rest_route=\/wp\/v2\/types\/post"}],"author":[{"embeddable":true,"href":"https:\/\/www.radioamigavallenar.cl\/index.php?rest_route=\/wp\/v2\/users\/7"}],"replies":[{"embeddable":true,"href":"https:\/\/www.radioamigavallenar.cl\/index.php?rest_route=%2Fwp%2Fv2%2Fcomments&post=99243"}],"version-history":[{"count":1,"href":"https:\/\/www.radioamigavallenar.cl\/index.php?rest_route=\/wp\/v2\/posts\/99243\/revisions"}],"predecessor-version":[{"id":99245,"href":"https:\/\/www.radioamigavallenar.cl\/index.php?rest_route=\/wp\/v2\/posts\/99243\/revisions\/99245"}],"wp:featuredmedia":[{"embeddable":true,"href":"https:\/\/www.radioamigavallenar.cl\/index.php?rest_route=\/wp\/v2\/media\/99244"}],"wp:attachment":[{"href":"https:\/\/www.radioamigavallenar.cl\/index.php?rest_route=%2Fwp%2Fv2%2Fmedia&parent=99243"}],"wp:term":[{"taxonomy":"category","embeddable":true,"href":"https:\/\/www.radioamigavallenar.cl\/index.php?rest_route=%2Fwp%2Fv2%2Fcategories&post=99243"},{"taxonomy":"post_tag","embeddable":true,"href":"https:\/\/www.radioamigavallenar.cl\/index.php?rest_route=%2Fwp%2Fv2%2Ftags&post=99243"}],"curies":[{"name":"wp","href":"https:\/\/api.w.org\/{rel}","templated":true}]}}