{"id":99240,"date":"2026-03-06T09:18:48","date_gmt":"2026-03-06T12:18:48","guid":{"rendered":"https:\/\/www.radioamigavallenar.cl\/?p=99240"},"modified":"2026-03-06T09:18:48","modified_gmt":"2026-03-06T12:18:48","slug":"se-concreto-una-importante-instancia-de-colaboracion-en-beneficio-de-las-personas-mayores-de-huasco","status":"publish","type":"post","link":"https:\/\/www.radioamigavallenar.cl\/?p=99240","title":{"rendered":"Se concret\u00f3 una importante instancia de colaboraci\u00f3n en beneficio de las personas mayores de Huasco"},"content":{"rendered":"<p data-pm-slice=\"1 1 []\">Ayer 5 de marzo se realiz\u00f3 la firma de convenio entre el Club Deportivo Guacolda y el CEDIAM Esperanza de Huasco, marcando el tercer a\u00f1o consecutivo de trabajo conjunto.<\/p>\n<p>Gracias a este acuerdo, las personas mayores beneficiarias del CEDIAM, quienes presentan dependencia leve, podr\u00e1n participar en un programa de apoyo a la actividad f\u00edsica que se desarrollar\u00e1 el \u00faltimo jueves de cada mes, utilizando las dependencias y equipamiento del gimnasio del club deportivo.<\/p>\n<p>Estas jornadas buscan complementar las intervenciones que realiza el equipo profesional del CEDIAM, contando adem\u00e1s con el apoyo de monitores capacitados que acompa\u00f1ar\u00e1n y asistir\u00e1n a los participantes durante las actividades, promoviendo una pr\u00e1ctica segura.<\/p>\n<p>Esta alianza p\u00fablico-privada busca contribuir a minimizar los efectos del envejecimiento, favoreciendo la recuperaci\u00f3n y mejora de la capacidad f\u00edsica y funcional necesaria para desarrollar las actividades de la vida diaria con mayor salud, autonom\u00eda y seguridad.<\/p>\n","protected":false},"excerpt":{"rendered":"<p>Ayer 5 de marzo se realiz\u00f3 la firma de convenio entre el Club Deportivo Guacolda y el CEDIAM Esperanza de Huasco, marcando el tercer a\u00f1o&hellip; <\/p>\n","protected":false},"author":7,"featured_media":99241,"comment_status":"closed","ping_status":"closed","sticky":false,"template":"","format":"standard","meta":{"footnotes":""},"categories":[7],"tags":[],"class_list":["post-99240","post","type-post","status-publish","format-standard","has-post-thumbnail","hentry","category-atacama"],"_links":{"self":[{"href":"https:\/\/www.radioamigavallenar.cl\/index.php?rest_route=\/wp\/v2\/posts\/99240","targetHints":{"allow":["GET"]}}],"collection":[{"href":"https:\/\/www.radioamigavallenar.cl\/index.php?rest_route=\/wp\/v2\/posts"}],"about":[{"href":"https:\/\/www.radioamigavallenar.cl\/index.php?rest_route=\/wp\/v2\/types\/post"}],"author":[{"embeddable":true,"href":"https:\/\/www.radioamigavallenar.cl\/index.php?rest_route=\/wp\/v2\/users\/7"}],"replies":[{"embeddable":true,"href":"https:\/\/www.radioamigavallenar.cl\/index.php?rest_route=%2Fwp%2Fv2%2Fcomments&post=99240"}],"version-history":[{"count":1,"href":"https:\/\/www.radioamigavallenar.cl\/index.php?rest_route=\/wp\/v2\/posts\/99240\/revisions"}],"predecessor-version":[{"id":99242,"href":"https:\/\/www.radioamigavallenar.cl\/index.php?rest_route=\/wp\/v2\/posts\/99240\/revisions\/99242"}],"wp:featuredmedia":[{"embeddable":true,"href":"https:\/\/www.radioamigavallenar.cl\/index.php?rest_route=\/wp\/v2\/media\/99241"}],"wp:attachment":[{"href":"https:\/\/www.radioamigavallenar.cl\/index.php?rest_route=%2Fwp%2Fv2%2Fmedia&parent=99240"}],"wp:term":[{"taxonomy":"category","embeddable":true,"href":"https:\/\/www.radioamigavallenar.cl\/index.php?rest_route=%2Fwp%2Fv2%2Fcategories&post=99240"},{"taxonomy":"post_tag","embeddable":true,"href":"https:\/\/www.radioamigavallenar.cl\/index.php?rest_route=%2Fwp%2Fv2%2Ftags&post=99240"}],"curies":[{"name":"wp","href":"https:\/\/api.w.org\/{rel}","templated":true}]}}