{"id":99232,"date":"2026-03-06T09:10:35","date_gmt":"2026-03-06T12:10:35","guid":{"rendered":"https:\/\/www.radioamigavallenar.cl\/?p=99232"},"modified":"2026-03-06T11:24:59","modified_gmt":"2026-03-06T14:24:59","slug":"lanzan-nueva-version-de-concurso-que-premia-la-buena-asistencia-a-la-educacion-parvularia-con-un-viaje-a-un-centro-espacial-internacional","status":"publish","type":"post","link":"https:\/\/www.radioamigavallenar.cl\/?p=99232","title":{"rendered":"Lanzan nueva versi\u00f3n de concurso que premia la buena asistencia a la educaci\u00f3n parvularia con un viaje a un centro espacial internacional"},"content":{"rendered":"<p>A trav\u00e9s del sitio www.hazquedespeguen.cl se puede inscribir a las ni\u00f1as y ni\u00f1os que cursen los niveles de medio menor, medio mayor, prek\u00ednder y k\u00ednder. Un representante de cada regi\u00f3n de Chile viajar\u00e1 con todos los gastos pagados y en compa\u00f1\u00eda de su apoderado. El desaf\u00edo es lograr un 90%, o m\u00e1s, de asistencia durante el primer semestre.<\/p>\n<p>La asistencia a la educaci\u00f3n parvularia sigue siendo un desaf\u00edo en Chile, pese a los avances de los \u00faltimos a\u00f1os. Seg\u00fan datos de la Subsecretar\u00eda de Educaci\u00f3n Parvularia, en 2025 la asistencia promedio anual alcanz\u00f3 un 78,9%, mostrando una mejora respecto de per\u00edodos anteriores. Sin embargo, la cifra evidencia que m\u00e1s de dos de cada diez ni\u00f1as y ni\u00f1os no asisten regularmente a sala cuna o jard\u00edn infantil, lo que afecta su desarrollo temprano y preparaci\u00f3n para las etapas educativas posteriores.<\/p>\n<p>En este contexto, Fundaci\u00f3n Educacional Oportunidad anunci\u00f3 el lanzamiento de una nueva versi\u00f3n del concurso \u201cHaz que Despeguen\u201d, iniciativa que busca incentivar y reconocer la asistencia regular a clases en educaci\u00f3n parvularia.<\/p>\n<p>Al igual que en sus 3 versiones anteriores, el concurso premiar\u00e1 a 16 ni\u00f1as y ni\u00f1os, uno por cada regi\u00f3n del pa\u00eds. Para ello, deben obtener un 90% o m\u00e1s de asistencia durante el primer semestre del a\u00f1o escolar.<\/p>\n<p>El premio para quienes sean ganadores ser\u00e1 un viaje de 4 d\u00edas y 3 noches a un centro espacial internacional con todos los gastos pagados. La oficializaci\u00f3n del destino se dar\u00e1 a conocer durante los pr\u00f3ximos d\u00edas. Sin embargo, desde la organizaci\u00f3n adelantan que se trata de un centro que se caracteriza por contar con espacios y experiencias especialmente dise\u00f1adas para ni\u00f1as y ni\u00f1os en edad de educaci\u00f3n parvularia, ofreciendo actividades educativas, talleres interactivos y exposiciones l\u00fadicas que acercan el conocimiento cient\u00edfico y la exploraci\u00f3n espacial de manera did\u00e1ctica y acorde a su etapa de desarrollo<\/p>\n<p>&nbsp;<\/p>\n<p style=\"text-align: center;\"><strong>QUI\u00c9NES PUEDEN PARTICIPAR<\/strong><\/p>\n<p>&nbsp;<\/p>\n<p>Podr\u00e1n participar ni\u00f1as y ni\u00f1os que durante este a\u00f1o est\u00e9n cursando educaci\u00f3n parvularia en los niveles medio menor, medio mayor, prek\u00ednder o k\u00ednder, y que se encuentren matriculados en establecimientos educacionales p\u00fablicos o particulares subvencionados a lo largo del pa\u00eds.<\/p>\n<p>Las inscripciones estar\u00e1n abiertas hasta el martes 30 de junio y deben realizarse en el sitio www.hazquedespeguen.cl. El proceso de inscripci\u00f3n puede ser realizado por el apoderado, apoderada o tutor del ni\u00f1o o ni\u00f1a, y puede contar con el apoyo de las duplas educativas o equipos directivos, siempre que exista autorizaci\u00f3n previa de las familias.<\/p>\n<p>Mar\u00eda de la Luz Gonz\u00e1lez, directora ejecutiva de Fundaci\u00f3n Educacional Oportunidad, afirm\u00f3 que \u201cHaz que Despeguen ofrece un reconocimiento que no tiene precedentes para la educaci\u00f3n parvularia. Premiar la asistencia con una experiencia internacional de este nivel permite transmitir, de manera concreta y comprensible para las familias, que la educaci\u00f3n inicial es una prioridad pa\u00eds y que el compromiso temprano con la asistencia puede abrir oportunidades reales desde los primeros a\u00f1os\u201d.<\/p>\n","protected":false},"excerpt":{"rendered":"<p>A trav\u00e9s del sitio www.hazquedespeguen.cl se puede inscribir a las ni\u00f1as y ni\u00f1os que cursen los niveles de medio menor, medio mayor, prek\u00ednder y k\u00ednder.&hellip; <\/p>\n","protected":false},"author":7,"featured_media":99284,"comment_status":"closed","ping_status":"closed","sticky":false,"template":"","format":"standard","meta":{"footnotes":""},"categories":[7],"tags":[],"class_list":["post-99232","post","type-post","status-publish","format-standard","has-post-thumbnail","hentry","category-atacama"],"_links":{"self":[{"href":"https:\/\/www.radioamigavallenar.cl\/index.php?rest_route=\/wp\/v2\/posts\/99232","targetHints":{"allow":["GET"]}}],"collection":[{"href":"https:\/\/www.radioamigavallenar.cl\/index.php?rest_route=\/wp\/v2\/posts"}],"about":[{"href":"https:\/\/www.radioamigavallenar.cl\/index.php?rest_route=\/wp\/v2\/types\/post"}],"author":[{"embeddable":true,"href":"https:\/\/www.radioamigavallenar.cl\/index.php?rest_route=\/wp\/v2\/users\/7"}],"replies":[{"embeddable":true,"href":"https:\/\/www.radioamigavallenar.cl\/index.php?rest_route=%2Fwp%2Fv2%2Fcomments&post=99232"}],"version-history":[{"count":1,"href":"https:\/\/www.radioamigavallenar.cl\/index.php?rest_route=\/wp\/v2\/posts\/99232\/revisions"}],"predecessor-version":[{"id":99283,"href":"https:\/\/www.radioamigavallenar.cl\/index.php?rest_route=\/wp\/v2\/posts\/99232\/revisions\/99283"}],"wp:featuredmedia":[{"embeddable":true,"href":"https:\/\/www.radioamigavallenar.cl\/index.php?rest_route=\/wp\/v2\/media\/99284"}],"wp:attachment":[{"href":"https:\/\/www.radioamigavallenar.cl\/index.php?rest_route=%2Fwp%2Fv2%2Fmedia&parent=99232"}],"wp:term":[{"taxonomy":"category","embeddable":true,"href":"https:\/\/www.radioamigavallenar.cl\/index.php?rest_route=%2Fwp%2Fv2%2Fcategories&post=99232"},{"taxonomy":"post_tag","embeddable":true,"href":"https:\/\/www.radioamigavallenar.cl\/index.php?rest_route=%2Fwp%2Fv2%2Ftags&post=99232"}],"curies":[{"name":"wp","href":"https:\/\/api.w.org\/{rel}","templated":true}]}}