{"id":99229,"date":"2026-03-06T09:08:04","date_gmt":"2026-03-06T12:08:04","guid":{"rendered":"https:\/\/www.radioamigavallenar.cl\/?p=99229"},"modified":"2026-03-06T09:08:04","modified_gmt":"2026-03-06T12:08:04","slug":"direccion-regional-del-trabajo-aplico-2-298-multas-y-evito-52-huelgas-en-los-ultimos-tres-anos","status":"publish","type":"post","link":"https:\/\/www.radioamigavallenar.cl\/?p=99229","title":{"rendered":"Direcci\u00f3n Regional del Trabajo aplic\u00f3 2.298 multas y evit\u00f3 52 huelgas en los \u00faltimos tres a\u00f1os"},"content":{"rendered":"<p>\u00b7 Organismo inspectivo y mediador difundi\u00f3 este jueves estad\u00edsticas sobre su actuar operativo entre 2023 y 2025.<\/p>\n<p>\u00b7 Conciliaciones realizadas al t\u00e9rmino de la relaci\u00f3n laboral recuperaron para trabajadores y trabajadoras m\u00e1s de 7 mil millones de pesos.<\/p>\n<p>&nbsp;<\/p>\n<p>La Direcci\u00f3n Regional del Trabajo (DRT) divulg\u00f3 un balance de su actuar operativo en los \u00faltimos tres a\u00f1os, destacando los resultados tanto de su responsabilidad fiscalizadora como de la mediadora para prevenir conflictos entre empresas y sindicatos.<\/p>\n<p>En lo inspectivo, entre los a\u00f1os 2023 y 2025, la DRT realiz\u00f3 5.770 fiscalizaciones, al cabo de las cuales fueron aplicadas 2.298 multas, es decir, el 39,8 por ciento.<\/p>\n<p>En lo mediador, en igual per\u00edodo la DRT evit\u00f3 el comienzo de 52 huelgas legales que hab\u00edan sido aprobadas en el marco de negociaciones colectivas.<\/p>\n<p>La directora regional del Trabajo, Cecilia Gonz\u00e1lez, consider\u00f3 que \u201cestos resultados demuestran que, coherente con su misi\u00f3n hist\u00f3rica, la Direcci\u00f3n Regional del Trabajo ha sabido conjugar en estos \u00faltimos a\u00f1os su obligaci\u00f3n fiscalizadora para hacer cumplir la ley laboral y su vocaci\u00f3n por mejorar las relaciones al interior de las empresas, mediando activamente en negociaciones colectivas y conflictos laborales para ayudar a conseguir acuerdos que dejen satisfechas a las partes involucradas, consolidando de este modo el di\u00e1logo social\u201d.<\/p>\n<p style=\"text-align: center;\"><strong>Sanciones y montos<\/strong><\/p>\n<p>En lo inspectivo, las cinco principales causales de las sanciones fueron no exhibir toda la documentaci\u00f3n necesaria para efectuar las labores de fiscalizaci\u00f3n (448), no llevar correctamente el registro de asistencia y determinaci\u00f3n de las horas de trabajo (237),<\/p>\n<p>no llevar el registro de asistencia y determinaci\u00f3n de las horas de trabajo (188), no pagar remuneraciones( 170) y no tomar todas las medidas necesarias para proteger eficazmente la vida y salud de los trabajadores (145).<\/p>\n<p>El monto de las multas alcanzaron a los $12.129.304.499.<\/p>\n<p>En cuanto a la informalidad laboral, en el per\u00edodo se realizaron 944 fiscalizaciones, el 47,7 por ciento terminaron con multas.<\/p>\n<p>Leyes de 40 Horas y Karin<\/p>\n<p>En la Ley de 40 Horas entre los a\u00f1os 2024 y 2025 hubo 273 fiscalizaciones con 42 sanciones.<\/p>\n<p>A la vez, la Ley Karin gener\u00f3 66 fiscalizaciones a partir de agosto de 2024, fecha de su vigencia legal, motivando 33 sanciones.<\/p>\n<p>Huelgas y negociaciones colectivas<\/p>\n<p>En el \u00e1mbito del derecho colectivo la DRT registr\u00f3 221 negociaciones colectivas que abarcaron a 19.797 trabajadores y trabajadoras.<\/p>\n<p>En 61 de estas negociaciones los sindicatos aprobaron la realizaci\u00f3n de huelgas, pero la intervenci\u00f3n de la DRT permiti\u00f3 que solamente 9 de ellas fueran iniciadas, involucrando a 1.016 trabajadores y trabajadoras. De este modo, 52 huelgas que estaban a punto de comenzar fueron evitadas gracias a la mediaci\u00f3n del organismo.<\/p>\n<p style=\"text-align: center;\"><strong>Dinero a favor de trabajadores<\/strong><\/p>\n<p>Una tercera responsabilidad de la Direcci\u00f3n del Trabajo es la de procurar acuerdos entre empleadores y trabajadores cuando al t\u00e9rmino de la relaci\u00f3n laboral estos \u00faltimos rechazan los finiquitos propuestos por considerar que los montos de dinero propuestos no son los que deben recibir.<\/p>\n<p>En esta regi\u00f3n las principales causas de los reclamos tuvieron que ver con finiquitos, feriados legales y proporcionales, cotizaciones en las AFP y en el INP y aportes al seguro de cesant\u00eda.<\/p>\n<p>En los \u00faltimos tres a\u00f1os hubo 11.622 reclamos con distintos tipos de t\u00e9rmino. Los comparendos efectuados por la DRT permitieron alcanzar 3.903 acuerdos totales o parciales. Estos acuerdos permitieron recaudar $7.525.955.039 directamente al bolsillo de los reclamantes, a diferencia de las multas que castigan el com\u00fan de las infracciones que son de beneficio fiscal.<\/p>\n","protected":false},"excerpt":{"rendered":"<p>\u00b7 Organismo inspectivo y mediador difundi\u00f3 este jueves estad\u00edsticas sobre su actuar operativo entre 2023 y 2025. \u00b7 Conciliaciones realizadas al t\u00e9rmino de la relaci\u00f3n&hellip; <\/p>\n","protected":false},"author":7,"featured_media":99230,"comment_status":"closed","ping_status":"closed","sticky":false,"template":"","format":"standard","meta":{"footnotes":""},"categories":[7],"tags":[],"class_list":["post-99229","post","type-post","status-publish","format-standard","has-post-thumbnail","hentry","category-atacama"],"_links":{"self":[{"href":"https:\/\/www.radioamigavallenar.cl\/index.php?rest_route=\/wp\/v2\/posts\/99229","targetHints":{"allow":["GET"]}}],"collection":[{"href":"https:\/\/www.radioamigavallenar.cl\/index.php?rest_route=\/wp\/v2\/posts"}],"about":[{"href":"https:\/\/www.radioamigavallenar.cl\/index.php?rest_route=\/wp\/v2\/types\/post"}],"author":[{"embeddable":true,"href":"https:\/\/www.radioamigavallenar.cl\/index.php?rest_route=\/wp\/v2\/users\/7"}],"replies":[{"embeddable":true,"href":"https:\/\/www.radioamigavallenar.cl\/index.php?rest_route=%2Fwp%2Fv2%2Fcomments&post=99229"}],"version-history":[{"count":1,"href":"https:\/\/www.radioamigavallenar.cl\/index.php?rest_route=\/wp\/v2\/posts\/99229\/revisions"}],"predecessor-version":[{"id":99231,"href":"https:\/\/www.radioamigavallenar.cl\/index.php?rest_route=\/wp\/v2\/posts\/99229\/revisions\/99231"}],"wp:featuredmedia":[{"embeddable":true,"href":"https:\/\/www.radioamigavallenar.cl\/index.php?rest_route=\/wp\/v2\/media\/99230"}],"wp:attachment":[{"href":"https:\/\/www.radioamigavallenar.cl\/index.php?rest_route=%2Fwp%2Fv2%2Fmedia&parent=99229"}],"wp:term":[{"taxonomy":"category","embeddable":true,"href":"https:\/\/www.radioamigavallenar.cl\/index.php?rest_route=%2Fwp%2Fv2%2Fcategories&post=99229"},{"taxonomy":"post_tag","embeddable":true,"href":"https:\/\/www.radioamigavallenar.cl\/index.php?rest_route=%2Fwp%2Fv2%2Ftags&post=99229"}],"curies":[{"name":"wp","href":"https:\/\/api.w.org\/{rel}","templated":true}]}}