{"id":99226,"date":"2026-03-06T09:06:47","date_gmt":"2026-03-06T12:06:47","guid":{"rendered":"https:\/\/www.radioamigavallenar.cl\/?p=99226"},"modified":"2026-03-06T09:06:47","modified_gmt":"2026-03-06T12:06:47","slug":"seremi-veronica-rivera-atacama-avanza-en-cuidados-y-en-copiapo-inauguramos-el-2o-centro-comunitario","status":"publish","type":"post","link":"https:\/\/www.radioamigavallenar.cl\/?p=99226","title":{"rendered":"Seremi Ver\u00f3nica Rivera: \u201cAtacama avanza en cuidados y en Copiap\u00f3 inauguramos el 2\u00ba Centro Comunitario\u201d"},"content":{"rendered":"<p>\u00b7 A la fecha, 1.765 personas de la capital regional est\u00e1n registradas como cuidadoras. \u201cPara ser parte de esta red, lo m\u00e1s importante, es actualizar el *m\u00f3dulo de cuidados* en su respectivo Registro Social de Hogares. As\u00ed podr\u00e1 obtener la credencial oficial de persona cuidadora y acceder a m\u00faltiples ofertas y beneficios que ofrece el Estado de Chile\u201d.<\/p>\n<p>Mejorar el bienestar de las personas cuidadoras, que ejercen dicho rol sin ning\u00fan tipo de remuneraci\u00f3n; a trav\u00e9s de talleres, contenci\u00f3n emocional, relevo de labores, capacitaciones, atenci\u00f3n de salud, por nombrar s\u00f3lo algunos ejemplos, son el objetivo principal del Centro Comunitario de Cuidados aperturado en octubre del a\u00f1o pasado en la comuna de Freirina y tambi\u00e9n, el Centro Comunitario, recientemente inaugurado, en la comuna de Copiap\u00f3, ubicado, particularmente, en calle Caupolic\u00e1n 1070.<\/p>\n<p>La Seremi de Desarrollo Social y Familia, Ver\u00f3nica Rivera Reynoso, argument\u00f3 que, \u201chace 5 meses atr\u00e1s, con presencia de nuestra Ministra Javiera Toro y autoridades regionales, inauguramos el primer Centro Comunitario de Cuidados, de la regi\u00f3n, en Freirina y hace pocos d\u00edas, con presencia de nuestra Subsecretaria de Servicio Sociales, inauguramos el segundo Centro Comunitario de Atacama, en la capital regional\u201d.<\/p>\n<p>\u201cEn Copiap\u00f3, cabe relevar, las gestiones y apoyo del alcalde Maglio Cicardini y de la Seremi M\u00f3nica Mar\u00edn, quienes, junto a sus equipos, lograron que, el inmueble de propiedad fiscal fuese entregado a trav\u00e9s de una concesi\u00f3n de uso gratuito a la casa edilicia por parte de la cartera de Bienes Nacionales. Desde nuestro Ministerio, encabezados por la Subsecretaria Francisca Gallegos, tambi\u00e9n realizamos m\u00faltiples gestiones para lograr su inauguraci\u00f3n. Es un espacio f\u00edsico amplio, acogedor, que, cuenta con m\u00faltiples salones, cocinas, ba\u00f1os, espacios recreativos y al aire libre, que, sin dudas, con las y los funcionarios, crear\u00e1 un entorno cercano y comunitario, exclusivo para aquellas personas que son cuidadoras y que reciben cuidados\u201d, agreg\u00f3 la autoridad.<\/p>\n<p>El Centro Comunitario de Cuidados de Copiap\u00f3, es el n\u00famero 71 inaugurado en el pa\u00eds. Cabe relevar, adem\u00e1s, que estos recintos, se enmarcan en los avances del Sistema Nacional de Apoyos y Cuidados, Chile Cuida; el cual, con apoyo transversal y ciudadano, se transform\u00f3 durante el presente a\u00f1o, en Ley de la Rep\u00fablica, tras su respectiva promulgaci\u00f3n, por parte del Presidente Gabriel Boric.<\/p>\n<p>La inauguraci\u00f3n del Centro Comunitario de Cuidados de Copiap\u00f3 fue encabezada por la Subsecretaria de Servicios Sociales, Francisca Gallegos; el alcalde Maglio Cicardini y el Delegado Presidencial de Atacama, Rodrigo Illanes. Cont\u00f3 adem\u00e1s con la presencia de la Seremi de Desarrollo Social y Familia, Ver\u00f3nica Rivera; la Seremi de Bienes Nacionales, M\u00f3nica Mar\u00edn y personas cuidadoras de la capital regional.<\/p>\n<p>Seg\u00fan el Registro Social de Hogares, 1.765 personas son cuidadoras en la comuna de Copiap\u00f3, mientras que, en la regi\u00f3n, ya son m\u00e1s de 4.200. \u201cHacemos un llamado a todas las personas cuidadoras, para que actualicen su *m\u00f3dulo de cuidados* en el Registro Social de Hogares y se integren a la red. De esta manera podr\u00e1n obtener la credencial oficial de persona cuidadora y acceder a m\u00faltiples ofertas y beneficios que ofrece el Estado de Chile\u201d, concluy\u00f3 Rivera Reynoso.<\/p>\n","protected":false},"excerpt":{"rendered":"<p>\u00b7 A la fecha, 1.765 personas de la capital regional est\u00e1n registradas como cuidadoras. \u201cPara ser parte de esta red, lo m\u00e1s importante, es actualizar&hellip; <\/p>\n","protected":false},"author":7,"featured_media":99227,"comment_status":"closed","ping_status":"closed","sticky":false,"template":"","format":"standard","meta":{"footnotes":""},"categories":[38],"tags":[],"class_list":["post-99226","post","type-post","status-publish","format-standard","has-post-thumbnail","hentry","category-portada-regional"],"_links":{"self":[{"href":"https:\/\/www.radioamigavallenar.cl\/index.php?rest_route=\/wp\/v2\/posts\/99226","targetHints":{"allow":["GET"]}}],"collection":[{"href":"https:\/\/www.radioamigavallenar.cl\/index.php?rest_route=\/wp\/v2\/posts"}],"about":[{"href":"https:\/\/www.radioamigavallenar.cl\/index.php?rest_route=\/wp\/v2\/types\/post"}],"author":[{"embeddable":true,"href":"https:\/\/www.radioamigavallenar.cl\/index.php?rest_route=\/wp\/v2\/users\/7"}],"replies":[{"embeddable":true,"href":"https:\/\/www.radioamigavallenar.cl\/index.php?rest_route=%2Fwp%2Fv2%2Fcomments&post=99226"}],"version-history":[{"count":1,"href":"https:\/\/www.radioamigavallenar.cl\/index.php?rest_route=\/wp\/v2\/posts\/99226\/revisions"}],"predecessor-version":[{"id":99228,"href":"https:\/\/www.radioamigavallenar.cl\/index.php?rest_route=\/wp\/v2\/posts\/99226\/revisions\/99228"}],"wp:featuredmedia":[{"embeddable":true,"href":"https:\/\/www.radioamigavallenar.cl\/index.php?rest_route=\/wp\/v2\/media\/99227"}],"wp:attachment":[{"href":"https:\/\/www.radioamigavallenar.cl\/index.php?rest_route=%2Fwp%2Fv2%2Fmedia&parent=99226"}],"wp:term":[{"taxonomy":"category","embeddable":true,"href":"https:\/\/www.radioamigavallenar.cl\/index.php?rest_route=%2Fwp%2Fv2%2Fcategories&post=99226"},{"taxonomy":"post_tag","embeddable":true,"href":"https:\/\/www.radioamigavallenar.cl\/index.php?rest_route=%2Fwp%2Fv2%2Ftags&post=99226"}],"curies":[{"name":"wp","href":"https:\/\/api.w.org\/{rel}","templated":true}]}}