{"id":99222,"date":"2026-03-05T10:34:45","date_gmt":"2026-03-05T13:34:45","guid":{"rendered":"https:\/\/www.radioamigavallenar.cl\/?p=99222"},"modified":"2026-03-05T11:35:40","modified_gmt":"2026-03-05T14:35:40","slug":"uno-de-los-proyectos-emblematicos-de-boric-tren-santiago-valparaiso-queda-estancado-y-sin-avance","status":"publish","type":"post","link":"https:\/\/www.radioamigavallenar.cl\/?p=99222","title":{"rendered":"Uno de los proyectos emblem\u00e1ticos de Boric: Tren Santiago Valpara\u00edso queda estancado y sin avance"},"content":{"rendered":"<p>Estancado, sin avances y tambale\u00e1ndose qued\u00f3 uno de los proyectos m\u00e1s emblem\u00e1ticos por parte del Gobierno del presidente Gabriel Boric\u00a0<strong>para las regiones de Valpara\u00edso y Metropolitana, el Tren Valpara\u00edso-Santiago.<\/strong><\/p>\n<p>Quedando pocos d\u00edas para el traspaso de poder a la administraci\u00f3n de Jos\u00e9 Antonio Kast, el ejecutivo confirm\u00f3 que la iniciativa sufri\u00f3<strong>\u00a0diversos traspi\u00e9s como cuestionamientos de los propios postulantes<\/strong>\u00a0y pronunciamientos de la Contralor\u00eda.<\/p>\n<p>Es por esto que Jessica L\u00f3pez, ministra de Obras P\u00fablicas, indic\u00f3 que no se encuentra segura de si la licitaci\u00f3n pueda ser adjudicada antes del\u00a0<strong>cambio de mando, lo que podr\u00eda dejar la iniciativa en manos del Gobierno entrante.<\/strong><\/p>\n<p>Si bien el acad\u00e9mico en Ingenier\u00eda Industrial de la Pontificia Universidad Cat\u00f3lica de Valpara\u00edso, Franco Basso, sostuvo que la\u00a0<strong>futura administraci\u00f3n de Jos\u00e9 Antonio Kast no ha cerrado la puerta a otros trazados<\/strong>, resalt\u00f3 que un posible avance del proyecto es incierto.<\/p>\n<p>Recordemos que la iniciativa contempla un trazado que pasa por la comuna de La Calera, para luego conectar con\u00a0<strong>Limache, Vi\u00f1a del Mar y Valpara\u00edso<\/strong>, usando parte de la infraestructura ferroviaria disponible.<\/p>\n<p>De concretarse, conectar\u00eda a\u00a0<strong>Quinta Normal<\/strong>\u00a0en la Regi\u00f3n Metropolitana con el sector de\u00a0<strong>El Salto en Vi\u00f1a del Mar en 1 hora 30 minutos,<\/strong>\u00a0con una operaci\u00f3n proyectada para 2030.<\/p>\n","protected":false},"excerpt":{"rendered":"<p>Estancado, sin avances y tambale\u00e1ndose qued\u00f3 uno de los proyectos m\u00e1s emblem\u00e1ticos por parte del Gobierno del presidente Gabriel Boric\u00a0para las regiones de Valpara\u00edso y&hellip; <\/p>\n","protected":false},"author":7,"featured_media":99223,"comment_status":"closed","ping_status":"closed","sticky":false,"template":"","format":"standard","meta":{"footnotes":""},"categories":[37],"tags":[],"class_list":["post-99222","post","type-post","status-publish","format-standard","has-post-thumbnail","hentry","category-nacional"],"_links":{"self":[{"href":"https:\/\/www.radioamigavallenar.cl\/index.php?rest_route=\/wp\/v2\/posts\/99222","targetHints":{"allow":["GET"]}}],"collection":[{"href":"https:\/\/www.radioamigavallenar.cl\/index.php?rest_route=\/wp\/v2\/posts"}],"about":[{"href":"https:\/\/www.radioamigavallenar.cl\/index.php?rest_route=\/wp\/v2\/types\/post"}],"author":[{"embeddable":true,"href":"https:\/\/www.radioamigavallenar.cl\/index.php?rest_route=\/wp\/v2\/users\/7"}],"replies":[{"embeddable":true,"href":"https:\/\/www.radioamigavallenar.cl\/index.php?rest_route=%2Fwp%2Fv2%2Fcomments&post=99222"}],"version-history":[{"count":1,"href":"https:\/\/www.radioamigavallenar.cl\/index.php?rest_route=\/wp\/v2\/posts\/99222\/revisions"}],"predecessor-version":[{"id":99224,"href":"https:\/\/www.radioamigavallenar.cl\/index.php?rest_route=\/wp\/v2\/posts\/99222\/revisions\/99224"}],"wp:featuredmedia":[{"embeddable":true,"href":"https:\/\/www.radioamigavallenar.cl\/index.php?rest_route=\/wp\/v2\/media\/99223"}],"wp:attachment":[{"href":"https:\/\/www.radioamigavallenar.cl\/index.php?rest_route=%2Fwp%2Fv2%2Fmedia&parent=99222"}],"wp:term":[{"taxonomy":"category","embeddable":true,"href":"https:\/\/www.radioamigavallenar.cl\/index.php?rest_route=%2Fwp%2Fv2%2Fcategories&post=99222"},{"taxonomy":"post_tag","embeddable":true,"href":"https:\/\/www.radioamigavallenar.cl\/index.php?rest_route=%2Fwp%2Fv2%2Ftags&post=99222"}],"curies":[{"name":"wp","href":"https:\/\/api.w.org\/{rel}","templated":true}]}}