{"id":99218,"date":"2026-03-05T09:03:22","date_gmt":"2026-03-05T12:03:22","guid":{"rendered":"https:\/\/www.radioamigavallenar.cl\/?p=99218"},"modified":"2026-03-05T11:30:30","modified_gmt":"2026-03-05T14:30:30","slug":"critican-medidas-para-evitar-congestion-en-primer-dia-de-clases-en-vallenar","status":"publish","type":"post","link":"https:\/\/www.radioamigavallenar.cl\/?p=99218","title":{"rendered":"Critican medidas para evitar congesti\u00f3n en primer d\u00eda de clases en Vallenar"},"content":{"rendered":"<p><strong>Municipio calific\u00f3 de \u00abexitoso\u00bb el operativo para evitar congesti\u00f3n, pero comunidad opin\u00f3 diferente en plataformas sociales.\u00a0<\/strong><strong>Bajaron publicaci\u00f3n de las redes, contraviniendo dict\u00e1menes de Contralor\u00eda<\/strong><\/p>\n<p>Con el inicio del a\u00f1o escolar en Vallenar, adem\u00e1s de que los escolares volvieron a las aulas, tambi\u00e9n volvi\u00f3 la congesti\u00f3n y el alto tr\u00e1fico vehicular en las calles locales. Por m\u00e1s que se informara respecto a las medidas para evitar la congesti\u00f3n en los sectores cercanos a las escuelas y colegios, y en las calles que conducen a los establecimientos educacionales, las medidas a juicio de los vecinos no fueron \u201cexitosas\u201d, a diferencia de lo que comunic\u00f3 el municipio por sus redes sociales.<\/p>\n<p>Los tacos y la congesti\u00f3n en el sector de la ruta C-46 llegaron hasta la rotonda a Huasco, e incluso, hasta el puente que une el altiplano norte y sur en Vallenar, causando impaciencia y frustraci\u00f3n entre los conductores que a pesar de levantarse temprano para cumplir con la llegada al colegio, la situaci\u00f3n los sobrepas\u00f3. \u201cSal\u00ed a las 7:10 de la ma\u00f1ana desde el sector de Vista Alegre, y el taco nos pill\u00f3 igual. Primer d\u00eda de clases y llegamos atrasados\u201d, coment\u00f3 Claudio. Y los comentarios llegaron adem\u00e1s, a las redes sociales del municipio, quien se\u00f1al\u00f3 que el operativo para evitar la congesti\u00f3n fue \u201cun \u00e9xito\u201d. Sin embargo, los malos comentarios de la comunidad en su posteo hizo que la publicaci\u00f3n se eliminara de las redes sociales, contraviniendo dict\u00e1menes de la Contralor\u00eda General de la Rep\u00fablica sobre la informaci\u00f3n que se da a conocer en las redes sociales de las instituciones.<\/p>\n<p style=\"text-align: center;\"><strong>REDES SOCIALES Y EL \u201c\u00c9XITO\u201d QUE DEBIERON ELIMINAR<\/strong><\/p>\n<p>Cuando la congesti\u00f3n ya hab\u00eda finalizado, la municipalidad de Vallenar informaba a trav\u00e9s de sus redes sociales la realizaci\u00f3n de un \u201cexitoso operativo de apoyo al tr\u00e1nsito\u201d en las inmediaciones de distintos establecimientos educacionales, entre ellos la Escuela Jos\u00e9 Carocca Laflor.<\/p>\n<p>En las im\u00e1genes difundidas por el municipio se observa presencia de inspectores municipales y personal de apoyo regulando el flujo vehicular, instalaci\u00f3n de conos de seguridad y coordinaci\u00f3n en cruces con alta circulaci\u00f3n. En el registro audiovisual se aprecia congesti\u00f3n moderada en horarios punta, veh\u00edculos avanzando a baja velocidad y funcionarios dirigiendo el tr\u00e1nsito para facilitar el ingreso de estudiantes durante las primeras horas de la ma\u00f1ana.<\/p>\n<p>Desde el municipio se destac\u00f3 la planificaci\u00f3n preventiva y el despliegue en terreno para resguardar la seguridad vial en el retorno a clases. Sin embargo, el balance en redes sociales mostr\u00f3 opiniones divididas.<\/p>\n<p>En el mismo posteo institucional, vecinos manifestaron cr\u00edticas se\u00f1alando que el operativo fue insuficiente frente al alto flujo vehicular propio del primer d\u00eda, apuntando a demoras, falta de se\u00f1alizaci\u00f3n permanente y problemas estructurales de conectividad en ciertos sectores. Algunos comentarios calificaron la gesti\u00f3n como \u201cp\u00e9sima\u201d y \u201cun fracaso\u201d, cuestionando la efectividad real del plan implementado.<\/p>\n<p>Otro elemento que gener\u00f3 controversia fue la posterior eliminaci\u00f3n de la publicaci\u00f3n original desde las redes sociales municipales, luego de que se acumularan m\u00faltiples comentarios negativos. Este hecho fue advertido por usuarios, quienes realizaron sus reclamos a la Contralor\u00eda General de la Rep\u00fablica.<\/p>\n<p>Cabe se\u00f1alar que, de acuerdo con dict\u00e1menes del ente Contralor, las instituciones p\u00fablicas no pueden eliminar comentarios en redes sociales por el solo hecho de ser cr\u00edticos, ya que dichas plataformas constituyen espacios de informaci\u00f3n p\u00fablica y participaci\u00f3n ciudadana. La normativa establece que solo pueden suprimirse mensajes que vulneren normas claras como insultos, amenazas o lenguaje inapropiado, bajo criterios objetivos y previamente establecidos.<\/p>\n<p style=\"text-align: center;\"><strong>MUNICIPIO<\/strong><\/p>\n<p>Desde el municipio insistieron en el \u00e9xito de la jornada, explicando que \u00abcon un balance positivo concluy\u00f3 el despliegue del Plan Escolar Seguro 2026, implementado durante la jornada de inicio del a\u00f1o escolar en distintos establecimientos educacionales de la comuna.<\/p>\n<p>El operativo contempl\u00f3 la presencia coordinada de Seguridad Comunal, Direcci\u00f3n de Tr\u00e1nsito e Inspecci\u00f3n Municipal, en conjunto con Carabineros de Chile, con el objetivo de resguardar el ingreso de estudiantes y apoderados, adem\u00e1s de mantener el orden en los per\u00edmetros escolares.<\/p>\n<p>Durante la jornada no se registraron incidentes de relevancia, logrando una operatividad del 100% en los puntos considerados cr\u00edticos. Los cortes y regulaciones de tr\u00e1nsito fueron gestionados por Carabineros de Chile, permitiendo agilizar el flujo vehicular y reforzar la seguridad vial en los accesos a los establecimientos educacionales\u00bb.<\/p>\n<p>La jornada de ayer, evidencia claramente, una desconexi\u00f3n entre autoridad y comunidad.<\/p>\n<p>&nbsp;<\/p>\n<p>Fuente: <a href=\"https:\/\/elnoticierodelhuasco.cl\/2026\/03\/critican-medidas-para-evitar-congestion-en-primer-dia-de-clases-en-vallenar\/\" target=\"_blank\" rel=\"noopener\">El Noticiero Del Huasco<\/a><\/p>\n","protected":false},"excerpt":{"rendered":"<p>Municipio calific\u00f3 de \u00abexitoso\u00bb el operativo para evitar congesti\u00f3n, pero comunidad opin\u00f3 diferente en plataformas sociales.\u00a0Bajaron publicaci\u00f3n de las redes, contraviniendo dict\u00e1menes de Contralor\u00eda Con&hellip; <\/p>\n","protected":false},"author":7,"featured_media":99220,"comment_status":"closed","ping_status":"closed","sticky":false,"template":"","format":"standard","meta":{"footnotes":""},"categories":[7],"tags":[],"class_list":["post-99218","post","type-post","status-publish","format-standard","has-post-thumbnail","hentry","category-atacama"],"_links":{"self":[{"href":"https:\/\/www.radioamigavallenar.cl\/index.php?rest_route=\/wp\/v2\/posts\/99218","targetHints":{"allow":["GET"]}}],"collection":[{"href":"https:\/\/www.radioamigavallenar.cl\/index.php?rest_route=\/wp\/v2\/posts"}],"about":[{"href":"https:\/\/www.radioamigavallenar.cl\/index.php?rest_route=\/wp\/v2\/types\/post"}],"author":[{"embeddable":true,"href":"https:\/\/www.radioamigavallenar.cl\/index.php?rest_route=\/wp\/v2\/users\/7"}],"replies":[{"embeddable":true,"href":"https:\/\/www.radioamigavallenar.cl\/index.php?rest_route=%2Fwp%2Fv2%2Fcomments&post=99218"}],"version-history":[{"count":2,"href":"https:\/\/www.radioamigavallenar.cl\/index.php?rest_route=\/wp\/v2\/posts\/99218\/revisions"}],"predecessor-version":[{"id":99221,"href":"https:\/\/www.radioamigavallenar.cl\/index.php?rest_route=\/wp\/v2\/posts\/99218\/revisions\/99221"}],"wp:featuredmedia":[{"embeddable":true,"href":"https:\/\/www.radioamigavallenar.cl\/index.php?rest_route=\/wp\/v2\/media\/99220"}],"wp:attachment":[{"href":"https:\/\/www.radioamigavallenar.cl\/index.php?rest_route=%2Fwp%2Fv2%2Fmedia&parent=99218"}],"wp:term":[{"taxonomy":"category","embeddable":true,"href":"https:\/\/www.radioamigavallenar.cl\/index.php?rest_route=%2Fwp%2Fv2%2Fcategories&post=99218"},{"taxonomy":"post_tag","embeddable":true,"href":"https:\/\/www.radioamigavallenar.cl\/index.php?rest_route=%2Fwp%2Fv2%2Ftags&post=99218"}],"curies":[{"name":"wp","href":"https:\/\/api.w.org\/{rel}","templated":true}]}}